{"id":37,"count":19,"description":"la saison culturelle sur le th\u00e8me de missak manouchian \u00e0 Valence pour l'ann\u00e9e 2024","link":"https:\/\/manouchian-au-pantheon.org\/index.php\/category\/saison-2024-a-valence\/","name":"Saison 2024 \u00e0 Valence","slug":"saison-2024-a-valence","taxonomy":"category","parent":0,"meta":[],"_links":{"self":[{"href":"https:\/\/manouchian-au-pantheon.org\/index.php\/wp-json\/wp\/v2\/categories\/37","targetHints":{"allow":["GET"]}}],"collection":[{"href":"https:\/\/manouchian-au-pantheon.org\/index.php\/wp-json\/wp\/v2\/categories"}],"about":[{"href":"https:\/\/manouchian-au-pantheon.org\/index.php\/wp-json\/wp\/v2\/taxonomies\/category"}],"wp:post_type":[{"href":"https:\/\/manouchian-au-pantheon.org\/index.php\/wp-json\/wp\/v2\/posts?categories=37"}],"curies":[{"name":"wp","href":"https:\/\/api.w.org\/{rel}","templated":true}]}}