{"id":3038,"date":"2022-02-19T16:44:33","date_gmt":"2022-02-19T15:44:33","guid":{"rendered":"https:\/\/manouchian-au-pantheon.org\/?p=3038"},"modified":"2024-02-08T09:20:05","modified_gmt":"2024-02-08T08:20:05","slug":"le-comite-de-soutien-missak-manouchian-au-pantheon","status":"publish","type":"post","link":"https:\/\/manouchian-au-pantheon.org\/index.php\/2022\/02\/19\/le-comite-de-soutien-missak-manouchian-au-pantheon\/","title":{"rendered":"Le Comit\u00e9 de soutien \u00e0 l&rsquo;initiative \u00ab\u00a0Missak Manouchian au Panth\u00e9on\u00a0\u00bb"},"content":{"rendered":"\n<h5 class=\"wp-block-heading\" id=\"le-comite-de-soutien-pour-missak-manouchian-au-pantheon-s-elargit-chaque-jour\" style=\"font-size:26px\">Les soutiens \u00e0 l&rsquo;initiative \u00ab&nbsp;Missak Manouchian au Panth\u00e9on&nbsp;\u00bb sont chaque jour plus nombreux !<\/h5>\n\n\n\n<p><strong>Comit\u00e9 de soutien<\/strong><\/p>\n\n\n\n<p class=\"has-text-align-center has-white-color has-vivid-cyan-blue-background-color has-text-color has-background\" style=\"font-size:16px\"><strong>Apr\u00e8s la d\u00e9cision de M. Emmanuel Macron, pr\u00e9sident de la R\u00e9publique, de faire entrer dans le temple de la R\u00e9publique Missak Manouchian accompagn\u00e9 de son \u00e9pouse M\u00e9lin\u00e9e, les membres du Comit\u00e9 ex\u00e9cutif de l&rsquo;initiative \u00ab\u00a0Manouchian au Panth\u00e9on\u00a0\u00bb remercient de leur engagement les personnalit\u00e9s, collectivit\u00e9s, associations, partis, qui ont soutenu notre d\u00e9marche et l&rsquo;ont rendue possible. <br>Nous pouvons, ensemble, \u00eatre fiers de ce magnifique r\u00e9sultat.<\/strong><\/p>\n\n\n\n<p><strong>Personnalit\u00e9s<\/strong><\/p>\n\n\n\n<ul class=\"wp-block-list\">\n<li><strong>Simon Abkarian<\/strong>, com\u00e9dien<\/li>\n\n\n\n<li><strong>Pierre-Marie Adam,&nbsp;<\/strong>pass\u00e9 Grand Ma\u00eetre de la Grande Loge de France,<\/li>\n\n\n\n<li><strong>Marie-H\u00e9l\u00e8ne Amiable<\/strong>, maire de Bagneux (92)<\/li>\n\n\n\n<li><strong>Agn\u00e8s B.,<\/strong>&nbsp;styliste,<\/li>\n\n\n\n<li><strong>Krikor Amirzayan<\/strong>, journaliste, pr\u00e9sident de l&rsquo;association culturelle Arm\u00e9nia (Valence)<\/li>\n\n\n\n<li><strong>Jacques Attali<\/strong>, \u00e9crivain,<\/li>\n\n\n\n<li><strong>Antoine Bagdikian, <\/strong>pr\u00e9sident de l\u2019ANACRA (Association nationale des anciens combattants et r\u00e9sistants arm\u00e9niens),<\/li>\n\n\n\n<li><strong>Frank Bairamian,<\/strong> co-auteur du documentaire Les Aznavour dans la R\u00e9sistance,<\/li>\n\n\n\n<li><strong>Serge Barcellini<\/strong>, pr\u00e9sident g\u00e9n\u00e9ral du Souvenir Fran\u00e7ais,<\/li>\n\n\n\n<li><strong>Georges-Marc Benamou<\/strong>, cin\u00e9aste, sc\u00e9nariste, producteur, essayiste,<\/li>\n\n\n\n<li><strong>Abraham Bengio<\/strong>, pr\u00e9sident de la commission Culture de la LICRA, ancien DRAC, ancien directeur g\u00e9n\u00e9ral adjoint de la R\u00e9gion Rh\u00f4ne-Alpes,<\/li>\n\n\n\n<li><strong>Daniel B\u00e9nichou,&nbsp;<\/strong>pr\u00e9sident du \u00ab&nbsp;Chevalier de La Barre&nbsp;\u00bb,<\/li>\n\n\n\n<li><strong>Serge Blisko<\/strong>, membre hon. de l\u2019Assembl\u00e9e nationale, ancien maire du XIIIe arrondissement de Paris<\/li>\n\n\n\n<li><strong>G\u00e9rald Bronner<\/strong>, sociologue, membre de l\u2019acad\u00e9mie de m\u00e9decine, romancier,<\/li>\n\n\n\n<li><strong>Pierre Caillaud-Croizat,<\/strong> petit-fils du d\u00e9put\u00e9 et ministre Ambroise Croizat, emprisonn\u00e9 par le r\u00e9gime de Vichy, membre du gouvernement provisoire de la R\u00e9publique (1945-1947) et p\u00e8re de la s\u00e9curit\u00e9 sociale,<\/li>\n\n\n\n<li><strong>Roland Cayrol<\/strong>, politologue,<\/li>\n\n\n\n<li><strong>Marie Claude Chazette-Bergeron<\/strong>, ancienne Grande Ma\u00eetresse de la Grande Loge Mixte Universelle (GLMU),<\/li>\n\n\n\n<li><strong>Jean-Luc Chenut, <\/strong>pr\u00e9sident du Conseil d\u00e9partemental d&rsquo;Ille-et-Vilaine,<\/li>\n\n\n\n<li><strong>Sylvestre Clancier,&nbsp;<\/strong>pr\u00e9sident d\u2019honneur du Pen Club de France,<\/li>\n\n\n\n<li><strong>Sara Daniel,&nbsp;<\/strong>journaliste,<\/li>\n\n\n\n<li><strong>Daniel Danielian<\/strong>, vice-ministre de l&rsquo;\u00e9ducation, des sciences, de la culture et des sports de la R\u00e9publique d&rsquo;Arm\u00e9nie,<\/li>\n\n\n\n<li><strong>Bernard Decoker-Suarez<\/strong>, Grand Ma\u00eetre de la Grande Loge Mixte Universelle (GLMU),<\/li>\n\n\n\n<li><strong>G\u00e9rard Delfau<\/strong>, ancien maire, ancien s\u00e9nateur, ancien VP du parti radical de gauche, directeur de la collection D\u00e9bats la\u00efques,<\/li>\n\n\n\n<li><strong>Mireille Delfau-Rey<\/strong>, auteur de \u00ab\u00a0R\u00e9sistante un jour, R\u00e9sistante toujours\u00a0\u00bb. Paulette Fouchard-Ayot ou la vie d\u2019une femme de l\u2019ombre, L\u2019Harmattan,<\/li>\n\n\n\n<li><strong>Carole Delga<\/strong>, pr\u00e9sidente de la R\u00e9gion Occitanie, pr\u00e9sidente de \u00ab\u00a0R\u00e9gions de France\u00a0\u00bb (association des pr\u00e9sidents des r\u00e9gions de France),<\/li>\n\n\n\n<li><strong>Jean-Marc Dreyfus, <\/strong>professeur d&rsquo;Histoire contemporaine<strong>,<\/strong><\/li>\n\n\n\n<li><strong>Georges Duffau-Epstein,<\/strong> fils de Joseph Epstein (sup\u00e9rieur FTP-MOI de Missak Manouchian), pr\u00e9sident de l&rsquo;Association pour le souvenir des fusill\u00e9s du Mont-Val\u00e9rien,<\/li>\n\n\n\n<li><strong>Philippe Foussier<\/strong>, journaliste, pass\u00e9 Grand Ma\u00eetre du Grand Orient De France,<\/li>\n\n\n\n<li><strong>Christina Galstian<\/strong>, directrice de la compagnie de danse Yeraz,&nbsp;<\/li>\n\n\n\n<li><strong>Anne-Catherine Goetz, <\/strong>adjointe \u00e0 la Culture \u00e0 Mulhouse, vice-pr\u00e9sidente de l&rsquo;Op\u00e9ra national du Rhin et de la Haute \u00c9cole des Arts du Rhin,<\/li>\n\n\n\n<li><strong>Alexis Govciyan,&nbsp;<\/strong>conseiller de Paris,<\/li>\n\n\n\n<li><strong>G\u00e9rald Grunberg, <\/strong>ancien DRAC. Vice-pr\u00e9sident du comit\u00e9 fran\u00e7ais du programme UNESCO M\u00e9moire du Monde,<\/li>\n\n\n\n<li><strong>Robert Gu\u00e9diguian,&nbsp;<\/strong>cin\u00e9aste, sc\u00e9nariste, producteur,<\/li>\n\n\n\n<li><strong>Christian Gu\u00e9my,<\/strong> alias <strong>C215<\/strong>, artiste urbain, auteur du portrait de Missak Manouchian expos\u00e9 \u00e0 la prison de Fresnes,<\/li>\n\n\n\n<li><strong>Michel Guiragossian<\/strong>, petit-neveu de Missak et de M\u00e9lin\u00e9e Manouchian, enseignant d&rsquo;Histoire-G\u00e9ographie<\/li>\n\n\n\n<li><strong>Fran\u00e7ois Heilbronn,&nbsp;<\/strong>professeur associ\u00e9 \u00e0 Sciences Po Paris,<\/li>\n\n\n\n<li><strong>Dani\u00e8le Hervieu-L\u00e9ger<\/strong>, directrice de recherche au CNRS,<\/li>\n\n\n\n<li><strong>Anne Hidalgo<\/strong>, maire de Paris,<\/li>\n\n\n\n<li><strong>Jean-Philippe Hubsch<\/strong>, pass\u00e9 Grand Ma\u00eetre du Grand Orient de France,<\/li>\n\n\n\n<li><strong>Beate Klarsfeld,<\/strong>&nbsp;militante anti-nazie, d\u00e9fenseur de la cause des d\u00e9port\u00e9s juifs en France,<\/li>\n\n\n\n<li><strong>Serge Klarsfeld,<\/strong>&nbsp;avocat, historien, d\u00e9fenseur de la cause des d\u00e9port\u00e9s juifs en France,<\/li>\n\n\n\n<li><strong>Rostam Keshtmand<\/strong>, ancien doyen de facult\u00e9 de l&rsquo;universit\u00e9 de Kaboul,<\/li>\n\n\n\n<li><strong>Mathieu Klein,<\/strong> maire de Nancy,<\/li>\n\n\n\n<li><strong>H\u00e9l\u00e8ne Koss\u00e9ian-Bairamian,<\/strong> co-auteur du Livre Les Commandos de l&rsquo;Affiche Rouge avec Ars\u00e8ne Tchakarian. Co-auteur du Documentaire Les Aznavour dans la R\u00e9sistance,<\/li>\n\n\n\n<li><strong>Daniel Kurkdjian,&nbsp;<\/strong>Pr\u00e9sident du Conseil Fran\u00e7ais-Arm\u00e9niens,<\/li>\n\n\n\n<li><strong>Georges Kuzmanovic<\/strong>, pr\u00e9sident de R\u00e9publique souveraine,<\/li>\n\n\n\n<li><strong>Jean-Luc Laurent,<\/strong> maire du Kremlin-Bic\u00eatre, pr\u00e9sident du MRC<\/li>\n\n\n\n<li><strong>Ren\u00e9e Le Mignot<\/strong>, pr\u00e9sidente honoraire du MRAP<\/li>\n\n\n\n<li><strong>Pierre Mansat,&nbsp;<\/strong>ancien adjoint au maire de Paris [2001\/2014],&nbsp;pr\u00e9sident de l\u2019association Josette et Maurice Audin,<\/li>\n\n\n\n<li><strong>Axel Marin<\/strong>, conseiller R\u00e9gional AURA, copr\u00e9sident du groupe les Ecologistes,<\/li>\n\n\n\n<li><strong>Andr\u00e9 Milev<\/strong>, fils de Boris Milev, responsable politique des FTP-MOI de la R\u00e9gion parisienne,<\/li>\n\n\n\n<li><strong>Andr\u00e9 Molino<\/strong>, Maire de Sept\u00e8mes-les-Vallons,<\/li>\n\n\n\n<li><strong>Marie-Pierre Mouton<\/strong>, pr\u00e9sidente du Conseil D\u00e9partemental de la Dr\u00f4me<\/li>\n\n\n\n<li><strong>Beno\u00eet Payan, <\/strong>maire de Marseille,<\/li>\n\n\n\n<li><strong>Emmanuel Pierrat<\/strong>, avocat et \u00e9crivain,<\/li>\n\n\n\n<li><strong>Claude Pierre-Bloch<\/strong>, vice-pr\u00e9sident de la LICRA,<\/li>\n\n\n\n<li><strong>Nicolas Pomi\u00e8s<\/strong>, Dirigeant mutualiste, Membre du BN de l&rsquo;UFAL,<\/li>\n\n\n\n<li><strong>Jean-Michel Quillardet<\/strong>, avocat, ancien Grand Ma\u00eetre du Grand Orient de France,<\/li>\n\n\n\n<li><strong>Henri Raczymow<\/strong>, \u00e9crivain,<\/li>\n\n\n\n<li><strong>Jean Rol-Tanguy,<\/strong> pr\u00e9sident du Comit\u00e9 Parisien de la Lib\u00e9ration, fils du colonel Rol-Tanguy,<\/li>\n\n\n\n<li><strong>Jean-Claude Sandrier<\/strong>,d\u00e9put\u00e9 honoraire, ancien maire de Bourges<\/li>\n\n\n\n<li><strong>Francois Sauterey<\/strong>, copr\u00e9sident du MRAP<\/li>\n\n\n\n<li><strong>Guy Scarpetta<\/strong>, romancier et documentariste,<\/li>\n\n\n\n<li><strong>Georges S\u00e9rignac,&nbsp;<\/strong>Grand Ma\u00eetre du Grand Orient De France,<\/li>\n\n\n\n<li><strong>Mario Stasi<\/strong>, pr\u00e9sident de la LICRA,<\/li>\n\n\n\n<li><strong>Marie-H\u00e9l\u00e8ne Thoraval<\/strong>, maire de Romans-sur-Is\u00e8re,<\/li>\n\n\n\n<li><strong>Ara Toranian<\/strong>, copr\u00e9sident du CCAF (conseil de coordination des organisations arm\u00e9niennes de France),<\/li>\n\n\n\n<li><strong>Val\u00e9rie Toranian<\/strong>, directrice de La Revue des deux Mondes,<\/li>\n\n\n\n<li><strong>Sandrine Treiner<\/strong>, directrice de France Culture,<\/li>\n\n\n\n<li><strong>Guillaume Trichard<\/strong>, secr\u00e9taire g\u00e9n\u00e9ral adjoint de l&rsquo;UNSA,<\/li>\n\n\n\n<li><strong>Martine Vassal,<\/strong>&nbsp;pr\u00e9sidente de la m\u00e9tropole Aix-Marseille-Provence,<\/li>\n\n\n\n<li><strong>Jean Vigreux<\/strong>, pr\u00e9sident du conseil scientifique de la Fondation pour la M\u00e9moire de la D\u00e9portation,<\/li>\n\n\n\n<li><strong>Laurent Wauquiez<\/strong>, pr\u00e9sident de la R\u00e9gion Auvergne Rh\u00f4ne Alpes,<\/li>\n\n\n\n<li><strong>D\u00e9borah Zabounian,<\/strong> pr\u00e9sidente du REAF, adjointe au maire d&rsquo;Alfortville en charge de la s\u00e9curit\u00e9<\/li>\n\n\n\n<li><strong>Sylvain Zeghni, <\/strong>1er vice-pr\u00e9sident du Droit Humain,<\/li>\n<\/ul>\n\n\n\n<p><strong>Parlementaires<\/strong><\/p>\n\n\n\n<ul class=\"wp-block-list\">\n<li><strong>Sa\u00efd Ahamada,<\/strong> d\u00e9put\u00e9 des Bouches-du-Rh\u00f4ne,<\/li>\n\n\n\n<li><strong>Emanuelle Anthoine<\/strong>, d\u00e9put\u00e9e de la Dr\u00f4me,<\/li>\n\n\n\n<li><strong>Cathy Apourceau<\/strong>, s\u00e9natrice du Pas-de-Calais,<\/li>\n\n\n\n<li><strong>\u00c9liane Assassi<\/strong>, s\u00e9natrice de Seine-Saint-Denis, pr\u00e9sidente du groupe communiste r\u00e9publicain et citoyen du S\u00e9nat,<\/li>\n\n\n\n<li><strong>J\u00e9r\u00e9my Bacchi<\/strong>, s\u00e9nateur des Bouches-du-Rh\u00f4ne,<\/li>\n\n\n\n<li><strong>Eric Bocquet<\/strong>, s\u00e9nateur du Nord,<\/li>\n\n\n\n<li><strong>Gilbert Bouchet<\/strong>, s\u00e9nateur de la Dr\u00f4me,<\/li>\n\n\n\n<li><strong>C\u00e9line Brulin<\/strong>, s\u00e9natrice de Seine-Maritime, <\/li>\n\n\n\n<li><strong>Bernard Buis,&nbsp;<\/strong>s\u00e9nateur de la Dr\u00f4me, VP du groupe d\u2019amiti\u00e9 France-Arm\u00e9nie du S\u00e9nat,<\/li>\n\n\n\n<li><strong>Dani\u00e8le Cazarian,&nbsp;<\/strong>d\u00e9put\u00e9e des Bouches-du -Rh\u00f4ne,<\/li>\n\n\n\n<li><strong>Ilana Cicurel,<\/strong>&nbsp;d\u00e9put\u00e9e europ\u00e9enne,<\/li>\n\n\n\n<li><strong>Mireille Clapot<\/strong>, d\u00e9put\u00e9e de la Dr\u00f4me,&nbsp;<a href=\"https:\/\/www.mireilleclapot.fr\/actualites\/articles\/engagee-pour-le-transfert-au-pantheon-des-cendres-de-missak-manouchian\"><strong><em>voir ici l\u2019engagement de Mireille Clapot aupr\u00e8s de nous<\/em><\/strong><\/a><\/li>\n\n\n\n<li><strong>Laurence Cohen<\/strong>, s\u00e9natrice du Val-de-Marne,<\/li>\n\n\n\n<li><strong>H\u00e9l\u00e8ne Conway-Mouret<\/strong>, ancien ministre, s\u00e9natrice des Fran\u00e7ais de l\u2019\u00e9tranger,<\/li>\n\n\n\n<li><strong>Gilbert-Luc Devinaz,&nbsp;<\/strong>S\u00e9nateur du Rh\u00f4ne, Pr\u00e9sident du groupe d\u2019amiti\u00e9 France-Arm\u00e9nie du S\u00e9nat,<\/li>\n\n\n\n<li><strong>Patrick Kanner<\/strong>, s\u00e9nateur du Nord, pr\u00e9sident du groupe Socialiste, Ecologique et R\u00e9publicain du S\u00e9nat,<\/li>\n\n\n\n<li><strong>Fran\u00e7ois-Michel Lambert,&nbsp;<\/strong>d\u00e9put\u00e9 des Bouches-du-Rh\u00f4ne,<\/li>\n\n\n\n<li><strong>Marie-No\u00eblle Lienemann<\/strong>, s\u00e9natrice de Paris,<\/li>\n\n\n\n<li><strong>Emmanue Maurel<\/strong>, d\u00e9put\u00e9 europ\u00e9en,<\/li>\n\n\n\n<li><strong>Jean-Michel Mis<\/strong>, d\u00e9put\u00e9 de la Loire, VP du groupe d\u2019amiti\u00e9 France-Arm\u00e9nie de l\u2019Assembl\u00e9e nationale,<\/li>\n\n\n\n<li><strong>Marie-Pierre Monier<\/strong>, s\u00e9natrice de la Dr\u00f4me,<\/li>\n\n\n\n<li><strong>Ang\u00e8le Pr\u00e9ville<\/strong>, s\u00e9natrice du Lot,<\/li>\n\n\n\n<li><strong>Lucien<\/strong>&nbsp;<strong>Stanzione<\/strong>, s\u00e9nateur du Vaucluse,<\/li>\n\n\n\n<li><strong>Marie-Claude Varaillas<\/strong>, s\u00e9natrice de la Dordogne,<\/li>\n\n\n\n<li><strong>Yannick Vaugrenard<\/strong>, s\u00e9nateur de Loire-Atlantique,<\/li>\n<\/ul>\n\n\n\n<p><strong>Assembl\u00e9es territoriales, associations, organisations, partis<\/strong>, <\/p>\n\n\n\n<ul class=\"wp-block-list\">\n<li><strong>Association des Anciens Combattants Fran\u00e7ais d&rsquo;Origine Arm\u00e9nienne<\/strong> (ACFOA), pr\u00e9sident Georges Eretzian,<\/li>\n\n\n\n<li><strong>Association Culturelle des Fran\u00e7ais d&rsquo;Origine Arm\u00e9nienne (ACFOA),<\/strong>&nbsp;Ludovic PASQUINUCCI, Pr\u00e9sident<\/li>\n\n\n\n<li><strong>Association des Libres Penseurs de France (ADLPF), <\/strong>pr\u00e9sident Thierry Mesny,<\/li>\n\n\n\n<li><strong>Association des Amis du Centre du Patrimoine Arm\u00e9nien,<\/strong><\/li>\n\n\n\n<li><strong>Association Franco-Arm\u00e9nienne d&rsquo;Avignon et sa r\u00e9gion<\/strong>, V\u00e9ronique Bruna, pr\u00e9sidente<\/li>\n\n\n\n<li><strong>ANACR &#8211; Dr\u00f4me (Association Nationale des Anciens Combattants et R\u00e9sistants &#8211; D\u00e9partement de la Dr\u00f4me)<\/strong><\/li>\n\n\n\n<li><strong>\u00ab&nbsp;Le Chevalier de La Barre&nbsp;\u00bb,<\/strong>&nbsp;pr\u00e9sident Daniel B\u00e9nichou,<\/li>\n\n\n\n<li><strong>Comit\u00e9 Parisien de la Lib\u00e9ration,<\/strong> Jean Rol-Tanguy, pr\u00e9sident<\/li>\n\n\n\n<li><strong>Conseil d\u00e9partemental de la Dr\u00f4me,<\/strong> pr\u00e9sidente Marie-Pierre Mouton,<\/li>\n\n\n\n<li><strong>Conseil r\u00e9gional Auvergne Rh\u00f4ne-Alpes,<\/strong> pr\u00e9sident Laurent Wauquiez,<\/li>\n\n\n\n<li><strong>Conseil r\u00e9gional d&rsquo;Occitanie,<\/strong> pr\u00e9sidente Carole Delga,<\/li>\n\n\n\n<li><strong>Gauche R\u00e9publicaine est socialiste<\/strong>, animateur national Emmanuel Maurel,<\/li>\n\n\n\n<li><strong>Grande Loge Mixte Universelle<\/strong>, Grand ma\u00eetre Bernard Decoker-Suarez,<\/li>\n\n\n\n<li><strong>\u00ab&nbsp;La\u00efcit\u00e9 et R\u00e9publique sociale&nbsp;\u00bb, <\/strong>pr\u00e9sident Hubert Sage , secr\u00e9taire g\u00e9n\u00e9ral Adrien Vahakn Sage,<\/li>\n\n\n\n<li><strong>LICRA (Ligue internationale contre le racisme et l\u2019antis\u00e9mitisme),<\/strong> pr\u00e9sident Mario Stasi,<\/li>\n\n\n\n<li><strong>Mouvement Arm\u00e9nien<\/strong>, Pr\u00e9sident R\u00e9my Makinadjian, secr\u00e9taire g\u00e9n\u00e9ral Raffy Papazian,<\/li>\n\n\n\n<li><strong>Mouvement Arm\u00e9nien, section vaudaise<\/strong>, d\u00e9l\u00e9gu\u00e9 g\u00e9n\u00e9ral Adrien Vahakn Sage, <em><a href=\"https:\/\/manouchian-au-pantheon.org\/wp-content\/uploads\/2022\/05\/Discours-section-vaudaise-Mouvement-armenien.pdf\"><strong>voir ici le discours d&rsquo;Adrien Vahakn Sage<\/strong><\/a><\/em><\/li>\n\n\n\n<li><strong>MRAP (Mouvement contre le racisme et pour l&rsquo;amiti\u00e9 entre les peuples)<\/strong>,  copr\u00e9sident Francois Sauterey<\/li>\n\n\n\n<li><strong>Soci\u00e9t\u00e9 Fraternelle des Amis de l\u2019Egalit\u00e9,<\/strong> pr\u00e9sident Nicolas Pomi\u00e8s,<\/li>\n\n\n\n<li><strong>Rassemblement <\/strong>des Elus d&rsquo;Arm\u00e9nie et de France (REAF), pr\u00e9sidente D\u00e9borah Zabounian <\/li>\n\n\n\n<li><strong>R\u00e9publique souveraine<\/strong>, pr\u00e9sident Georges Kuzmanovic,<\/li>\n\n\n\n<li><strong>UFAL (Union des Familles La\u00efques), <\/strong>pr\u00e9sident Christian Gaudray,<\/li>\n\n\n\n<li><strong>Unit\u00e9 La\u00efque<\/strong>, pr\u00e9sident Jean-Pierre Sakoun,<\/li>\n<\/ul>\n","protected":false},"excerpt":{"rendered":"<p>Les soutiens \u00e0 l&rsquo;initiative \u00ab&nbsp;Missak Manouchian au Panth\u00e9on&nbsp;\u00bb sont chaque jour plus nombreux ! Comit\u00e9 de soutien Apr\u00e8s la d\u00e9cision de M. Emmanuel Macron, pr\u00e9sident de la R\u00e9publique, de faire entrer dans le temple de la R\u00e9publique Missak Manouchian accompagn\u00e9 de son \u00e9pouse M\u00e9lin\u00e9e, les membres du Comit\u00e9 ex\u00e9cutif de l&rsquo;initiative \u00ab\u00a0Manouchian au Panth\u00e9on\u00a0\u00bb remercient [&hellip;]<\/p>\n","protected":false},"author":7,"featured_media":0,"comment_status":"closed","ping_status":"closed","sticky":false,"template":"","format":"standard","meta":{"footnotes":""},"categories":[36],"tags":[],"class_list":["post-3038","post","type-post","status-publish","format-standard","hentry","category-parrainage-et-soutiens-work"],"_links":{"self":[{"href":"https:\/\/manouchian-au-pantheon.org\/index.php\/wp-json\/wp\/v2\/posts\/3038","targetHints":{"allow":["GET"]}}],"collection":[{"href":"https:\/\/manouchian-au-pantheon.org\/index.php\/wp-json\/wp\/v2\/posts"}],"about":[{"href":"https:\/\/manouchian-au-pantheon.org\/index.php\/wp-json\/wp\/v2\/types\/post"}],"author":[{"embeddable":true,"href":"https:\/\/manouchian-au-pantheon.org\/index.php\/wp-json\/wp\/v2\/users\/7"}],"replies":[{"embeddable":true,"href":"https:\/\/manouchian-au-pantheon.org\/index.php\/wp-json\/wp\/v2\/comments?post=3038"}],"version-history":[{"count":83,"href":"https:\/\/manouchian-au-pantheon.org\/index.php\/wp-json\/wp\/v2\/posts\/3038\/revisions"}],"predecessor-version":[{"id":4547,"href":"https:\/\/manouchian-au-pantheon.org\/index.php\/wp-json\/wp\/v2\/posts\/3038\/revisions\/4547"}],"wp:attachment":[{"href":"https:\/\/manouchian-au-pantheon.org\/index.php\/wp-json\/wp\/v2\/media?parent=3038"}],"wp:term":[{"taxonomy":"category","embeddable":true,"href":"https:\/\/manouchian-au-pantheon.org\/index.php\/wp-json\/wp\/v2\/categories?post=3038"},{"taxonomy":"post_tag","embeddable":true,"href":"https:\/\/manouchian-au-pantheon.org\/index.php\/wp-json\/wp\/v2\/tags?post=3038"}],"curies":[{"name":"wp","href":"https:\/\/api.w.org\/{rel}","templated":true}]}}