{"id":3124,"date":"2022-02-20T13:39:13","date_gmt":"2022-02-20T12:39:13","guid":{"rendered":"https:\/\/manouchian-au-pantheon.org\/?p=3124"},"modified":"2024-01-30T13:44:42","modified_gmt":"2024-01-30T12:44:42","slug":"qui-est-missak-manouchian-1906-1944","status":"publish","type":"post","link":"https:\/\/manouchian-au-pantheon.org\/index.php\/2022\/02\/20\/qui-est-missak-manouchian-1906-1944\/","title":{"rendered":"Qui est Missak Manouchian (1906-1944) ?"},"content":{"rendered":"\n<div class=\"wp-block-image\"><figure class=\"alignleft size-full is-resized\"><img loading=\"lazy\" decoding=\"async\" src=\"https:\/\/manouchian-au-pantheon.org\/wp-content\/uploads\/2022\/01\/Article-Libe.jpg\" alt=\"\" class=\"wp-image-2440\" width=\"138\" height=\"235\" srcset=\"https:\/\/manouchian-au-pantheon.org\/wp-content\/uploads\/2022\/01\/Article-Libe.jpg 338w, https:\/\/manouchian-au-pantheon.org\/wp-content\/uploads\/2022\/01\/Article-Libe-176x300.jpg 176w, https:\/\/manouchian-au-pantheon.org\/wp-content\/uploads\/2022\/01\/Article-Libe-14x24.jpg 14w, https:\/\/manouchian-au-pantheon.org\/wp-content\/uploads\/2022\/01\/Article-Libe-21x36.jpg 21w, https:\/\/manouchian-au-pantheon.org\/wp-content\/uploads\/2022\/01\/Article-Libe-28x48.jpg 28w\" sizes=\"auto, (max-width: 138px) 100vw, 138px\" \/><\/figure><\/div>\n\n\n\n<p><br><br><strong><em>\u00ab Je suis s\u00fbr que le peuple fran\u00e7ais et tous les combattants de la Libert\u00e9 sauront honorer notre m\u00e9moire dignement. \u00bb<\/em><\/strong><br><em>Missak Manouchian, Lettre \u00e0 M\u00e9lin\u00e9e, Prison de Fresnes, 21 f\u00e9vrier 1944<\/em>.<br><br><br><br><br><br><br><br><\/p>\n\n\n\n<div class=\"wp-block-image\"><figure class=\"alignleft size-full is-resized\"><img loading=\"lazy\" decoding=\"async\" src=\"https:\/\/manouchian-au-pantheon.org\/wp-content\/uploads\/2022\/02\/Affiche_rouge.jpg\" alt=\"\" class=\"wp-image-3127\" width=\"138\" height=\"186\" srcset=\"https:\/\/manouchian-au-pantheon.org\/wp-content\/uploads\/2022\/02\/Affiche_rouge.jpg 446w, https:\/\/manouchian-au-pantheon.org\/wp-content\/uploads\/2022\/02\/Affiche_rouge-223x300.jpg 223w, https:\/\/manouchian-au-pantheon.org\/wp-content\/uploads\/2022\/02\/Affiche_rouge-18x24.jpg 18w, https:\/\/manouchian-au-pantheon.org\/wp-content\/uploads\/2022\/02\/Affiche_rouge-27x36.jpg 27w, https:\/\/manouchian-au-pantheon.org\/wp-content\/uploads\/2022\/02\/Affiche_rouge-36x48.jpg 36w\" sizes=\"auto, (max-width: 138px) 100vw, 138px\" \/><\/figure><\/div>\n\n\n\n<p><br><br><strong><em>\u00abVous avez h\u00e9rit\u00e9 la nationalit\u00e9 fran\u00e7aise, nous l\u2019avons m\u00e9rit\u00e9e.&nbsp;\u00bb<\/em><\/strong><br><em>Lors de son simulacre de proc\u00e8s, Missak Manouchian ripostant \u00e0 ses accusateurs<\/em><\/p>\n\n\n\n<p><br><br><br><br><br>Missak, dit Michel, Manouchian, n\u00e9 le 1er septembre 1906 \u00e0 H\u0131sn-\u0131 Mansur et mort fusill\u00e9 \u00e0 trente-sept ans le 21 f\u00e9vrier 1944 au fort du Mont-Val\u00e9rien, est un arm\u00e9nien immigr\u00e9, po\u00e8te, militant communiste de la Main-d\u2019\u0153uvre immigr\u00e9e (MOI) et commissaire militaire des FTP-MOI parisiens.<\/p>\n\n\n\n<p>Missak Manouchian naquit dans ce qui \u00e9tait alors l\u2019Empire ottoman, en Arm\u00e9nie, dans une famille de paysans. \u00c0 neuf ans, il assista aux massacres perp\u00e9tr\u00e9s par les Turcs contre le peuple arm\u00e9nien. Il perdit sa famille dont il fut, avec son fr\u00e8re Karapet, un des seuls survivants. Ces massacres marqu\u00e8rent profond\u00e9ment le jeune homme d\u00e9j\u00e0 \u00e9lev\u00e9 dans le souvenir des massacres pr\u00e9c\u00e9dents de la fin du XIXe si\u00e8cle.<\/p>\n\n\n\n<!--more-->\n\n\n\n<p>Recueilli avec son fr\u00e8re dans un orphelinat \u00e0 Djouni\u00e9, actuel Liban, dans une r\u00e9gion plac\u00e9e alors sous protectorat fran\u00e7ais, il y subit l\u2019influence de la culture fran\u00e7aise et d\u00e9veloppa un attachement profond pour ce pays qui lui apparaissait comme protecteur et bienfaiteur. En 1925, il d\u00e9barqua \u00e0 Marseille (Bouches-du-Rh\u00f4ne) et travailla quelque temps aux chantiers navals de La Seyne (Var) puis monta \u00e0 Paris o\u00f9 il fut embauch\u00e9 comme tourneur chez Citro\u00ebn. Son fr\u00e8re mourut en 1927, ce qui accentua son isolement. Il fut licenci\u00e9 au d\u00e9but de la crise des ann\u00e9es 1930.<\/p>\n\n\n\n<p>Missak Manouchian \u00e9crivait depuis son plus jeune \u00e2ge des po\u00e8mes et pratiquait le sport, en particulier la gymnastique. Condamn\u00e9 au ch\u00f4mage, il se livra \u00e0 ses activit\u00e9s artistiques et sportives tout en participant \u00e0 la cr\u00e9ation, en juillet 1930, d\u2019une revue litt\u00e9raire, Tchank (L\u2019effort), qui parut une ann\u00e9e puis fut remplac\u00e9e par Machagouyt (Culture). Il y publia les traductions de po\u00e8mes de Baudelaire, Verlaine et Victor Hugo et ses premiers \u00e9crits.<\/p>\n\n\n\n<p>Marqu\u00e9 comme beaucoup d\u2019immigr\u00e9s par les \u00e9v\u00e9nements de f\u00e9vrier 1934, il adh\u00e9ra au Parti communiste et participa aux activit\u00e9s du groupe arm\u00e9nien rattach\u00e9 \u00e0 la MOI. Il devint le responsable en 1935 du journal Zangou (nom d\u2019un fleuve arm\u00e9nien) publi\u00e9 sous l\u2019autorit\u00e9 du HOC (Ha\u00efastani Oknoutian Komite ou comit\u00e9 de secours \u00e0 l\u2019Arm\u00e9nie, cr\u00e9\u00e9 en 1921 \u00e0 Erevan et dirig\u00e9 par le docteur Kaldjian). Ce fut au sein de cette organisation qu\u2019il fit la connaissance de M\u00e9lin\u00e9e Assadourian qu\u2019il \u00e9pousa en f\u00e9vrier 1936. Apr\u00e8s la dissolution du HOC en 1937, il sillonna la France pour constituer l\u2019Union populaire franco-arm\u00e9nienne et regrouper tous les Arm\u00e9niens de France favorables aux forces de gauche. Il fut, sans doute en raison de cette responsabilit\u00e9, arr\u00eat\u00e9 au d\u00e9but de la \u00ab&nbsp;dr\u00f4le de guerre&nbsp;\u00bb \u00e0 la suite de la dissolution des organisations proches du Parti communiste. Lib\u00e9r\u00e9, il fut int\u00e9gr\u00e9 \u00e0 l\u2019arm\u00e9e et affect\u00e9 dans une usine de la r\u00e9gion rouennaise.<\/p>\n\n\n\n<p>De retour \u00e0 Paris en juin 1940, il reprit ses activit\u00e9s mais dans la clandestinit\u00e9 et fut une nouvelle fois arr\u00eat\u00e9 en juin 1941. Intern\u00e9 au camp de Royallieu \u00e0 Compi\u00e8gne, il fut lib\u00e9r\u00e9 au bout de quelques semaines. Charg\u00e9 des Arm\u00e9niens au sein de la MOI, il fut vers\u00e9 en f\u00e9vrier 1943 aux FTP-MOI, premier d\u00e9tachement, sous le pseudonyme de Georges et avec le matricule 10 300. Son romantisme, sa sensibilit\u00e9 qui s\u2019exprimaient dans ses po\u00e8mes s\u2019accommodaient mal du travail qu\u2019il devait accomplir, en particulier lorsqu\u2019il s\u2019agissait de s\u2019attaquer \u00e0 des soldats allemands.<\/p>\n\n\n\n<p>En juillet 1943, il rempla\u00e7a Alik Neuer, qui venait d\u2019\u00eatre arr\u00eat\u00e9, comme responsable technique des FTP-MOI parisiens. Il \u00e9tait alors domicili\u00e9 clandestinement rue Plaisance et disposait de plusieurs planques dont celle du 19 rue Au-Maire, o\u00f9 est appos\u00e9e une plaque. Les actions men\u00e9es par les FTP-MOI parisiens sous la direction de Boris Holban, responsable militaire, furent critiqu\u00e9es par la direction nationale du PCF et des Francs-tireurs et partisans (FTP). Boris Holban fut d\u00e9mis de ses fonctions en ao\u00fbt 1943 et Missak Manouchian le rempla\u00e7a comme responsable militaire des FTP-MOI de la r\u00e9gion parisienne. \u00c0 ce titre, il supervisa le 28 septembre 1943 l\u2019attentat contre Julius Ritter, g\u00e9n\u00e9ral SS charg\u00e9 de recruter la main-d\u2019\u0153uvre fran\u00e7aise dans le cadre du Service du travail obligatoire (STO). Action pr\u00e9par\u00e9e par Boris Holban et pour laquelle Missak Manouchian changea l\u2019un des acteurs.<\/p>\n\n\n\n<p>Mais d\u00e8s le mois de septembre 1943, Missak Manouchian fut rep\u00e9r\u00e9 par les Brigades sp\u00e9ciales qui avaient d\u00e9j\u00e0 r\u00e9alis\u00e9 des s\u00e9ries d\u2019arrestations en mars et juillet. Pour les policiers, dans les filatures, il devint Bourg et son domicile clandestin fut identifi\u00e9. Le 16 novembre 1943 alors qu\u2019il avait rendez-vous avec Joseph Epstein, interr\u00e9gional FTP de la r\u00e9gion parisienne, il fut arr\u00eat\u00e9, en m\u00eame temps que ce dernier, \u00e0 \u00c9vry-Petit Bourg (aujourd\u2019hui \u00c9vry dans l\u2019Essonne).<\/p>\n\n\n\n<p>Tortur\u00e9, il fut remis aux autorit\u00e9s allemandes avec vingt-deux de ses camarades. Un proc\u00e8s \u00e0 grand spectacle fut organis\u00e9 par les autorit\u00e9s allemandes et les vingt-trois inculp\u00e9s furent tous condamn\u00e9s \u00e0 mort par le tribunal du Gross-Paris, rue Boissy-d\u2019Anglas (VIIIe arr.) le 19 f\u00e9vrier 1944 et fusill\u00e9s au Mont-Val\u00e9rien le 21 f\u00e9vrier. L\u2019abb\u00e9 Franz Stock nota dans son journal du lundi 21 f\u00e9vrier : \u00ab Manouchian Missak, qui s\u2019est confess\u00e9 et a communi\u00e9 \u00bb.<\/p>\n\n\n\n<p>Il a \u00e9t\u00e9 inhum\u00e9 au cimeti\u00e8re parisien d\u2019Ivry-sur-Seine (Seine, Val-de-Marne) avec ses camarades<\/p>\n\n\n\n<p><strong><em>Biographie extraite du <\/em><\/strong><a href=\"https:\/\/maitron.fr\/\"><strong><em>Maitron<\/em><\/strong><\/a><strong><em> en ligne.<\/em><\/strong><\/p>\n\n\n\n<p><strong>Sources<\/strong><\/p>\n\n\n\n<p>Le <a href=\"http:\/\/museedelaresistanceenligne.org\/index.php\">Mus\u00e9e de la R\u00e9sistance en ligne<\/a> propose une belle <a href=\"http:\/\/museedelaresistanceenligne.org\/media6561-Missak-Manouchian\">biographie de Missak Manouchian<\/a>.<\/p>\n\n\n\n<p>Le <em>Dictionnaire biographique du mouvement ouvrier fran\u00e7ais<\/em> (sous la dir. de Jean Maitron, puis de Claude Pennetier), Paris, Ed. de l\u2019Atelier, 1964-1997, 44 vol., est une mine d\u2019informations. Le \u00ab Maitron \u00bb est disponible en ligne. L\u2019entr\u00e9e <a href=\"https:\/\/fusilles-40-44.maitron.fr\/spip.php?mot1011\">L&rsquo;Affiche rouge<\/a> du Maitron num\u00e9rique permet d\u2019acc\u00e9der aux biographies des 23 membres des FTP-MOI condamn\u00e9s dans le cadre du proc\u00e8s dit de l\u2019Affiche rouge.\u00a0<\/p>\n\n\n\n<p>La page Wikip\u00e9dia <a href=\"https:\/\/fr.wikipedia.org\/wiki\/Missak_Manouchian\">Missak Manouchian<\/a> est \u00e9galement tr\u00e8s riche d\u2019informations. <strong><br><\/strong><\/p>\n","protected":false},"excerpt":{"rendered":"<p>\u00ab Je suis s\u00fbr que le peuple fran\u00e7ais et tous les combattants de la Libert\u00e9 sauront honorer notre m\u00e9moire dignement. \u00bbMissak Manouchian, Lettre \u00e0 M\u00e9lin\u00e9e, Prison de Fresnes, 21 f\u00e9vrier 1944. \u00abVous avez h\u00e9rit\u00e9 la nationalit\u00e9 fran\u00e7aise, nous l\u2019avons m\u00e9rit\u00e9e.&nbsp;\u00bbLors de son simulacre de proc\u00e8s, Missak Manouchian ripostant \u00e0 ses accusateurs Missak, dit Michel, Manouchian, [&hellip;]<\/p>\n","protected":false},"author":7,"featured_media":0,"comment_status":"closed","ping_status":"closed","sticky":false,"template":"","format":"standard","meta":{"footnotes":""},"categories":[11],"tags":[],"class_list":["post-3124","post","type-post","status-publish","format-standard","hentry","category-ressources"],"_links":{"self":[{"href":"https:\/\/manouchian-au-pantheon.org\/index.php\/wp-json\/wp\/v2\/posts\/3124","targetHints":{"allow":["GET"]}}],"collection":[{"href":"https:\/\/manouchian-au-pantheon.org\/index.php\/wp-json\/wp\/v2\/posts"}],"about":[{"href":"https:\/\/manouchian-au-pantheon.org\/index.php\/wp-json\/wp\/v2\/types\/post"}],"author":[{"embeddable":true,"href":"https:\/\/manouchian-au-pantheon.org\/index.php\/wp-json\/wp\/v2\/users\/7"}],"replies":[{"embeddable":true,"href":"https:\/\/manouchian-au-pantheon.org\/index.php\/wp-json\/wp\/v2\/comments?post=3124"}],"version-history":[{"count":9,"href":"https:\/\/manouchian-au-pantheon.org\/index.php\/wp-json\/wp\/v2\/posts\/3124\/revisions"}],"predecessor-version":[{"id":3165,"href":"https:\/\/manouchian-au-pantheon.org\/index.php\/wp-json\/wp\/v2\/posts\/3124\/revisions\/3165"}],"wp:attachment":[{"href":"https:\/\/manouchian-au-pantheon.org\/index.php\/wp-json\/wp\/v2\/media?parent=3124"}],"wp:term":[{"taxonomy":"category","embeddable":true,"href":"https:\/\/manouchian-au-pantheon.org\/index.php\/wp-json\/wp\/v2\/categories?post=3124"},{"taxonomy":"post_tag","embeddable":true,"href":"https:\/\/manouchian-au-pantheon.org\/index.php\/wp-json\/wp\/v2\/tags?post=3124"}],"curies":[{"name":"wp","href":"https:\/\/api.w.org\/{rel}","templated":true}]}}