{"id":3196,"date":"2022-02-19T13:16:00","date_gmt":"2022-02-19T12:16:00","guid":{"rendered":"https:\/\/manouchian-au-pantheon.org\/?p=3196"},"modified":"2024-01-16T15:37:31","modified_gmt":"2024-01-16T14:37:31","slug":"les-citoyens-soutiennent-notre-initiative","status":"publish","type":"post","link":"https:\/\/manouchian-au-pantheon.org\/index.php\/2022\/02\/19\/les-citoyens-soutiennent-notre-initiative\/","title":{"rendered":"Les citoyens soutiennent notre initiative"},"content":{"rendered":"\n<p class=\"has-text-align-center has-white-color has-vivid-cyan-blue-background-color has-text-color has-background\" style=\"font-size:16px\"><strong>Apr\u00e8s la d\u00e9cision de M. Emmanuel Macron, pr\u00e9sident de la R\u00e9publique, de faire entrer dans le temple de la R\u00e9publique Missak Manouchian accompagn\u00e9 de son \u00e9pouse M\u00e9lin\u00e9e, les membres du Comit\u00e9 ex\u00e9cutif de l&rsquo;initiative \u00ab\u00a0Manouchian au Panth\u00e9on\u00a0\u00bb remercient de leur engagement les citoyens qui ont pris la peine de nous apporter leur soutien et qui ont rendu possible notre d\u00e9marche. <br>Nous pouvons, ensemble, \u00eatre fiers de ce magnifique r\u00e9sultat.<\/strong><\/p>\n\n\n\n<p class=\"has-vivid-red-color has-text-color has-medium-font-size\"><strong>903 signatures<\/strong><br><\/p>\n\n\n\n<ul class=\"wp-block-list\">\n<li><strong>Jean-Pascal Vivian<\/strong><\/li>\n\n\n\n<li><strong>Jean-Luc Bayard<\/strong>, b\u00e9n\u00e9vole associatif<\/li>\n\n\n\n<li><strong>Simon Marachian<\/strong>, journaliste<\/li>\n\n\n\n<li><strong>Christophe Bujas<\/strong><\/li>\n\n\n\n<li><strong>Catherine Tanguy<\/strong><\/li>\n\n\n\n<li><strong>Mehdi Davouse<\/strong>, citoyen<\/li>\n\n\n\n<li><strong>Patrick Mardikian,<\/strong> vice-pr\u00e9sident du Conseil d\u00e9partemental de Charente en charge de la culture, du patrimoine et du tourisme<\/li>\n\n\n\n<li><strong>Christian Moncelet<\/strong>, professeur d&rsquo;Universit\u00e9 retrait\u00e9, \u00e9crivain<\/li>\n\n\n\n<li><strong>Sophie Michaud,<\/strong> ex-attach\u00e9e culturelle<\/li>\n\n\n\n<li><strong>Alexandre Michaud<\/strong>, retrait\u00e9<\/li>\n\n\n\n<li><strong>Thierry Qu\u00e9rouil<\/strong>, retrait\u00e9<\/li>\n\n\n\n<li><strong>Annie Seferian<\/strong>, citoyenne fran\u00e7aise<\/li>\n\n\n\n<li><strong>Michelle Hufnagel-Gondeau<\/strong>, journaliste retrait\u00e9e<\/li>\n\n\n\n<li><strong>Fran\u00e7ois-Xavier Bobrie<\/strong>, militant politique<\/li>\n\n\n\n<li><strong>Nad\u00e8ge Nicolas<\/strong>, 3\u00e8me adjoint au Maire de la ville de Nancy en charge des solidarit\u00e9s, de l\u2019action sociale, de l\u2019autonomie et des a\u00een\u00e9s<\/li>\n\n\n\n<li><strong>Jean-Marie Matisson<\/strong>, citoyen, militant la\u00efque<\/li>\n\n\n\n<li><strong>Eric Sicart<\/strong><\/li>\n\n\n\n<li><strong>Annie Courant<\/strong><\/li>\n\n\n\n<li><strong>Denis Malarmey<\/strong>, humaniste b\u00e9n\u00e9vole<\/li>\n\n\n\n<li><strong>Fabienne Bourgoin<\/strong>, retrait\u00e9e<\/li>\n\n\n\n<li><strong>Caroline Fran\u00e7ois<\/strong>, charg\u00e9e d\u2019expositions<\/li>\n\n\n\n<li><strong>Georges Arpin<\/strong>, membre du bureau ANACR AIN<\/li>\n\n\n\n<li><strong>H\u00e9l\u00e8ne Varbedian<\/strong><\/li>\n\n\n\n<li><strong>Max Varbedian<\/strong><\/li>\n\n\n\n<li><strong>Eric-Louis Possenti<\/strong>, traducteur<\/li>\n\n\n\n<li><strong>Aur\u00e9lien Prudhomme<\/strong>, citoyen fran\u00e7ais<\/li>\n\n\n\n<li><strong>Yvan Reynaud<\/strong>, ouvrier<\/li>\n\n\n\n<li><strong>Jacky Desquesnes<\/strong>, retrait\u00e9 agr\u00e9g\u00e9 d&rsquo;histoire inspecteur p\u00e9dagogique<\/li>\n\n\n\n<li><strong>Damien Balluais<\/strong><\/li>\n\n\n\n<li><strong>Annick Tremorin<\/strong><\/li>\n\n\n\n<li><strong>Katia Aprilante<\/strong><\/li>\n\n\n\n<li><strong>Michel Ferec<\/strong>, citoyen en sant\u00e9 publique<\/li>\n\n\n\n<li><strong>Julie Glotin<\/strong>, citoyenne, maman d\u2019un petit Missak<\/li>\n\n\n\n<li><strong>Bastien Morisson<\/strong>, professeur<\/li>\n\n\n\n<li><strong>Bernard Martin-Fargier<\/strong>, auteur dramatique<\/li>\n\n\n\n<li><strong>Clara Di Francesco Ouzoulias<\/strong><\/li>\n\n\n\n<li><strong>Thierry Dexant<\/strong>, professeur retrait\u00e9<\/li>\n\n\n\n<li><strong>Christophe Betenfeld<\/strong>, enseignant<\/li>\n\n\n\n<li><strong>Daniel Deriot<\/strong>, responsable associatif<\/li>\n\n\n\n<li><strong><em>77 citoyens et citoyennes de Bourges et de sa r\u00e9gion<\/em><\/strong><\/li>\n\n\n\n<li><strong><em>Janine Br\u00e9geard<\/em><\/strong><\/li>\n\n\n\n<li><strong><em>Jo\u00ebl Frison<\/em><\/strong><\/li>\n\n\n\n<li><strong><em>Annie<\/em> <em>Frison<\/em><\/strong><\/li>\n\n\n\n<li><strong><em>Georges Gilbert<\/em><\/strong><\/li>\n\n\n\n<li><strong><em>Yvette Gilbert<\/em><\/strong><\/li>\n\n\n\n<li><strong><em>Gilles Barillier<\/em><\/strong><\/li>\n\n\n\n<li><strong><em>Brigitte Ducrot<\/em><\/strong><\/li>\n\n\n\n<li><strong><em>Val\u00e9rie Martin<\/em><\/strong><\/li>\n\n\n\n<li><strong><em>Brigitte Cordelet<\/em><\/strong><\/li>\n\n\n\n<li><strong><em>Madeleine Montagne<\/em><\/strong><\/li>\n\n\n\n<li><strong><em>Jacqueline P\u00e9rillat<\/em><\/strong><\/li>\n\n\n\n<li><strong><em>Dani\u00e8le Gelly<\/em><\/strong><\/li>\n\n\n\n<li><strong><em>Jean-Fran\u00e7ois Penin<\/em><\/strong><\/li>\n\n\n\n<li><strong><em>Jo\u00eblle Proisy<\/em><\/strong><\/li>\n\n\n\n<li><strong><em>Jean-Jacques Brau<\/em><\/strong><\/li>\n\n\n\n<li><strong><em>Yvon Morineau<\/em><\/strong><\/li>\n\n\n\n<li><strong><em>R\u00e9gine Morineau<\/em><\/strong><\/li>\n\n\n\n<li><strong><em>Daniel Lacroix<\/em><\/strong><\/li>\n\n\n\n<li><strong><em>Maryse Lacroix<\/em><\/strong><\/li>\n\n\n\n<li><strong><em>Michel Cendrier<\/em><\/strong><\/li>\n\n\n\n<li><strong><em>Line Picard<\/em><\/strong><\/li>\n\n\n\n<li><strong><em>Michel Picard<\/em><\/strong><\/li>\n\n\n\n<li><strong><em>Aline de la Perrelle<\/em><\/strong><\/li>\n\n\n\n<li><strong><em>Claude Langlois<\/em><\/strong><\/li>\n\n\n\n<li><strong><em>Jean-Claude Baudon<\/em><\/strong><\/li>\n\n\n\n<li><strong><em>Jean-Michel Athomas<\/em><\/strong><\/li>\n\n\n\n<li><strong><em>Jean-Claude Micouraud<\/em><\/strong><\/li>\n\n\n\n<li><strong><em>Yvette Micouraud<\/em><\/strong><\/li>\n\n\n\n<li><strong><em>Jean-Pierre Planson<\/em><\/strong><\/li>\n\n\n\n<li><strong><em>Bruno Noble<\/em><\/strong><\/li>\n\n\n\n<li><strong><em>Xavier Laurent<\/em><\/strong><\/li>\n\n\n\n<li><strong><em>Xavier Truffaut<\/em><\/strong><\/li>\n\n\n\n<li><strong><em>Michel Pinglaut<\/em><\/strong><\/li>\n\n\n\n<li><strong><em>Nadia Dreux<\/em><\/strong><\/li>\n\n\n\n<li><strong><em>St\u00e9phane Demarre<\/em><\/strong><\/li>\n\n\n\n<li><strong><em>Sylvie Jacquet<\/em><\/strong><\/li>\n\n\n\n<li><strong><em>Jeannine Calka<\/em><\/strong><\/li>\n\n\n\n<li><strong><em>Thierry Lefelle<\/em><\/strong><\/li>\n\n\n\n<li><strong><em>Christine Perrot<\/em><\/strong><\/li>\n\n\n\n<li><strong><em>R\u00e9my Perrot<\/em><\/strong><\/li>\n\n\n\n<li><strong><em>Jean-Marie Dubon<\/em><\/strong><\/li>\n\n\n\n<li><strong><em>Claudette Sandrier<\/em><\/strong><\/li>\n\n\n\n<li><strong><em>Huguette Dubos<\/em><\/strong><\/li>\n\n\n\n<li><strong><em>Dominique Lefelle<\/em><\/strong><\/li>\n\n\n\n<li><strong><em>Bernard Saumon<\/em><\/strong><\/li>\n\n\n\n<li><strong><em>Jean-Patrick Duranton<\/em><\/strong><\/li>\n\n\n\n<li><strong><em>Denise Duranton<\/em><\/strong><\/li>\n\n\n\n<li><strong><em>Yves Debond<\/em><\/strong><\/li>\n\n\n\n<li><strong><em>Philippe Lavaud<\/em><\/strong><\/li>\n\n\n\n<li><strong><em>Paul Perillat<\/em><\/strong><\/li>\n\n\n\n<li><strong><em>Huguette Ricordeau<\/em><\/strong><\/li>\n\n\n\n<li><strong><em>Jean-Michel<\/em> <em>Guerineau<\/em><\/strong><\/li>\n\n\n\n<li><strong><em>Philippe Montalbot<\/em><\/strong><\/li>\n\n\n\n<li><strong><em>Gilles Ruger<\/em><\/strong><\/li>\n\n\n\n<li><strong><em>Line Passard<\/em><\/strong><\/li>\n\n\n\n<li><strong><em>Patrick Baudouin<\/em><\/strong><\/li>\n\n\n\n<li><strong><em>Sylvie Passard<\/em><\/strong><\/li>\n\n\n\n<li><strong><em>Pierre Dedet<\/em><\/strong><\/li>\n\n\n\n<li><strong><em>Marie-France Est\u00e8ve<\/em><\/strong><\/li>\n\n\n\n<li><strong><em>Guy Veillon<\/em><\/strong><\/li>\n\n\n\n<li><strong><em>Chrsitian Est\u00e8ve<\/em><\/strong><\/li>\n\n\n\n<li><strong><em>France Le Loch<\/em><\/strong><\/li>\n\n\n\n<li><strong><em>Dominique Rollin<\/em><\/strong><\/li>\n\n\n\n<li><strong><em>Serge Soudry<\/em><\/strong><\/li>\n\n\n\n<li><strong><em>Olivier Lacroix<\/em><\/strong><\/li>\n\n\n\n<li><strong><em>Mireille Jorandon<\/em><\/strong><\/li>\n\n\n\n<li><strong><em>Michel Lauron<\/em><\/strong><\/li>\n\n\n\n<li><strong><em>Olivier Martin<\/em><\/strong><\/li>\n\n\n\n<li><strong><em>Evelyne Malassingne<\/em><\/strong><\/li>\n\n\n\n<li><strong><em>Martial Savel<\/em><\/strong><\/li>\n\n\n\n<li><strong><em>Evelyne Savel<\/em><\/strong><\/li>\n\n\n\n<li><strong><em>Martine Lech\u00eane<\/em><\/strong><\/li>\n\n\n\n<li><strong><em>Annie Gauthier<\/em><\/strong><\/li>\n\n\n\n<li><strong><em>Francis Lecouvreur<\/em><\/strong><\/li>\n\n\n\n<li><strong>Colin Aspholm<\/strong>, \u00e9tudiant- Pr\u00e9sident d&rsquo;honneur de l&rsquo;association Jeun&rsquo;Est<\/li>\n\n\n\n<li><strong>Sylvain Lecointre,<\/strong> paysan \u00e0 la retraite,<\/li>\n\n\n\n<li><strong>Cyril Desmoinaux<\/strong>, ing\u00e9nieur,<\/li>\n\n\n\n<li><strong>Pascal Boulesteix,<\/strong><\/li>\n\n\n\n<li><strong>Emmanuel Letreulle,<\/strong> journaliste,<\/li>\n\n\n\n<li><strong>Bernard Labetoule,<\/strong> retrait\u00e9, militant syndical,<\/li>\n\n\n\n<li><strong>Pauline S\u00e9chal,<\/strong><\/li>\n\n\n\n<li><strong>Yves Gourguechon, <\/strong>citoyen,<\/li>\n\n\n\n<li><strong>Th\u00e9odore Gouzou, c<\/strong>onseiller municipal Le Rouget-Petd,<\/li>\n\n\n\n<li><strong>Jannick Soulat, c<\/strong>itoyen, descendant de r\u00e9sistants et d\u00e9port\u00e9,<\/li>\n\n\n\n<li><strong>Alain Fran\u00e7ois,<\/strong>retrait\u00e9,<\/li>\n\n\n\n<li><strong>Arlette Kuakuvi-Lawson<\/strong>, enseignante,<\/li>\n\n\n\n<li><strong>Martine Loiseau,<\/strong><\/li>\n\n\n\n<li><strong>St\u00e9phane Paccot, <\/strong>conseiller social,<\/li>\n\n\n\n<li><strong>Jean-Philippe Blanchard<\/strong>, retrait\u00e9,<\/li>\n\n\n\n<li><strong>Pierre Clignac,<\/strong><\/li>\n\n\n\n<li><strong>Jean-Michel Brun, <\/strong>militant retrait\u00e9 syndicat Unsa,<\/li>\n\n\n\n<li><strong>S\u00e9bastien Lascaux, <\/strong>citoyen,<\/li>\n\n\n\n<li><strong>Bruno Stirnemann<\/strong>, citoyen,<\/li>\n\n\n\n<li><strong>Claudette Ferbac, <\/strong>citoyenne,<\/li>\n\n\n\n<li><strong>Nicolas Becquet<\/strong>, citoyen,<\/li>\n\n\n\n<li><strong>Jenny Rigaud<\/strong>, citoyenne engag\u00e9e,<\/li>\n\n\n\n<li><strong>Lionel Adam<\/strong>, \u00e9lu local,<\/li>\n\n\n\n<li><strong>Laurence Bouscavet<\/strong>, notaire assistante,<\/li>\n\n\n\n<li><strong>Rapha\u00ebl Chouraqui<\/strong>, retrait\u00e9,<\/li>\n\n\n\n<li><strong>Didier Hollard<\/strong>,<\/li>\n\n\n\n<li><strong>Marie-France Antona<\/strong>, responsable associative,<\/li>\n\n\n\n<li><strong>Jocelyne Rey<\/strong>,<\/li>\n\n\n\n<li><strong>Philippe Geneyton<\/strong>,<\/li>\n\n\n\n<li><strong>Tanguy Besset<\/strong>, graphiste,<\/li>\n\n\n\n<li><strong>Sylvain Dajoux,<\/strong><\/li>\n\n\n\n<li><strong>Hugues Nancy,<\/strong> documentariste,<\/li>\n\n\n\n<li><strong>Fran\u00e7oise Paradis,<\/strong> professeur Chaire sup\u00e9rieure lettres modernes,<\/li>\n\n\n\n<li><strong>Christiane Maguet-Lescoat,<\/strong> g\u00e9ographe,<\/li>\n\n\n\n<li><strong>Marie-Claude Chazette, <\/strong>citoyenne,<\/li>\n\n\n\n<li><strong>C\u00e9cile Mufraggi, <\/strong>citoyenne,<\/li>\n\n\n\n<li><strong>Bertrand Granat<\/strong>, citoyen,<\/li>\n\n\n\n<li><strong>Elise Fontenaille<\/strong>, \u00e9crivain,<\/li>\n\n\n\n<li><strong>C\u00e9line Paboudjian<\/strong>, citoyenne,<\/li>\n\n\n\n<li><strong>Jean-Pascal Perron,<\/strong> citoyen,<\/li>\n\n\n\n<li><strong>Fabrice Balanche<\/strong>, ma\u00eetre de conf\u00e9rences,<\/li>\n\n\n\n<li><strong>Dalila Cherif, <\/strong>responsable site Ecole de la Deuxi\u00e8me Chance Seine-Saint-Denis La Courneuve,<\/li>\n\n\n\n<li><strong>Monique Hoffmann<\/strong>, retrait\u00e9e,<\/li>\n\n\n\n<li><strong>Michel Crouzet,<\/strong> retrait\u00e9 de l&rsquo;enseignement public,<\/li>\n\n\n\n<li><strong>Dominique Forest,<\/strong> citoyenne,<\/li>\n\n\n\n<li><strong>Hassan Sidi-Maamar<\/strong>, cadre territorial Ville de Valence,<\/li>\n\n\n\n<li><strong>V\u00e9ronique Garrido,<\/strong> citoyenne,<\/li>\n\n\n\n<li><strong>Andr\u00e9 Delleaud,<\/strong> citoyen,<\/li>\n\n\n\n<li><strong>H\u00e9l\u00e8ne Pinet,<\/strong><\/li>\n\n\n\n<li><strong>G\u00e9rard Gantet<\/strong>, citoyen,<\/li>\n\n\n\n<li><strong>Maria-Karima Kolodziej,<\/strong> citoyenne,<\/li>\n\n\n\n<li><strong>Fran\u00e7oise Marforio,<\/strong><\/li>\n\n\n\n<li><strong>Christiane Ambrosini,<\/strong> aidant,<\/li>\n\n\n\n<li><strong>Michel Ambrosini, <\/strong>retrait\u00e9,<\/li>\n\n\n\n<li><strong>Michel Buis,<\/strong> professeur retrait\u00e9, Ami de la R\u00e9sistance,<\/li>\n\n\n\n<li><strong>Mireille Buis, <\/strong>retrait\u00e9e,<\/li>\n\n\n\n<li><strong>Anne Sauvanaud<\/strong>,<\/li>\n\n\n\n<li><strong>Annie Courant,<\/strong><\/li>\n\n\n\n<li><strong>Fr\u00e9d\u00e9rick Sicard<\/strong>, retrait\u00e9,<\/li>\n\n\n\n<li><strong>Marc Orrillard, <\/strong>m\u00e9decin,<\/li>\n\n\n\n<li><strong>B\u00e9n\u00e9dicte Voituriez-Lefebvre,<\/strong><\/li>\n\n\n\n<li><strong>Richard Tourmeau<\/strong>, universaliste,<\/li>\n\n\n\n<li><strong>Ang\u00e9lique Y\u00e9t\u00e9rian,<\/strong><\/li>\n\n\n\n<li><strong>Taline Kalusyan,<\/strong><\/li>\n\n\n\n<li><strong>Kurtz Thibaud,<\/strong> citoyen,<\/li>\n\n\n\n<li><strong>Simon Louvet,<\/strong> \u00e9tudiant en histoire, journaliste, descendant de r\u00e9sistant,<\/li>\n\n\n\n<li><strong>Claude Taleb,<\/strong> \u00e9cologiste,<\/li>\n\n\n\n<li><strong>Karine Gence-Parmentier,<\/strong> Citoyenne,<\/li>\n\n\n\n<li><strong>Violaine Dusseris<\/strong>, retrait\u00e9e,<\/li>\n\n\n\n<li><strong>Jean-Michel Gleyze,<\/strong> militant politique,<\/li>\n\n\n\n<li><strong>Christine Canete,<\/strong> citoyenne,<\/li>\n\n\n\n<li><strong>Isabelle Ruh, <\/strong>retrait\u00e9e de l\u2019EN,<\/li>\n\n\n\n<li><strong>Martine Steibel,<\/strong> retrait\u00e9e,<\/li>\n\n\n\n<li><strong>Caroline Millereu<\/strong>x, arch\u00e9ologue,<\/li>\n\n\n\n<li><strong>Myriam Maurice,<\/strong><\/li>\n\n\n\n<li><strong>Henri Viel,<\/strong> citoyen,<\/li>\n\n\n\n<li><strong>Brigitte Laverr\u00e9<\/strong>,<\/li>\n\n\n\n<li><strong>Fr\u00e9d\u00e9rique Ferraud, <\/strong>citoyenne,<\/li>\n\n\n\n<li><strong>Patrick Freche,<\/strong> retrait\u00e9,<\/li>\n\n\n\n<li><strong>C\u00e9cile Guillard,<\/strong><\/li>\n\n\n\n<li><strong>Danielle Barrao,<\/strong> citoyenne, Adjointe au Maire,<\/li>\n\n\n\n<li><strong>Sylvie-No\u00eblle Tiphonet,<\/strong> journaliste,<\/li>\n\n\n\n<li><strong>Pierre Fiori<\/strong>, conseiller municipal, Conseiller m\u00e9tropolitain Ville de Nice,<\/li>\n\n\n\n<li><strong>Annie Seferian,<\/strong> citoyenne,<\/li>\n\n\n\n<li><strong>Farrenq Anne-Marie,<\/strong><\/li>\n\n\n\n<li><strong>Mar\u00e9chal Philippe<\/strong>, fondateur de UCE &#8211; FSC\/P.34 &#8211; Fen\u00eatre sur Cour.34,<\/li>\n\n\n\n<li><strong>Balmisse Philippe,<\/strong><\/li>\n\n\n\n<li><strong>Brisa Moro<\/strong>, professeur,<\/li>\n\n\n\n<li><strong>Philippe Thomas<\/strong>, citoyen<\/li>\n\n\n\n<li><strong>Bruno Fialho<\/strong>, syndicaliste CGT, coop\u00e9rateur, militant NUPES<\/li>\n\n\n\n<li><strong>Alexandra Dorl\u00e9ac<\/strong>, m\u00e8re de Missak Bedrossian Dorl\u00e9ac<\/li>\n\n\n\n<li><strong>Hrant Norsen<\/strong>, retrait\u00e9<\/li>\n\n\n\n<li><strong>Cl\u00e9ment L\u00e9pine<\/strong>, enseignant<\/li>\n\n\n\n<li><strong>Hugues Nancy<\/strong>, documentariste, sc\u00e9nariste<\/li>\n\n\n\n<li><strong>Patrice Garo<\/strong>, Copr\u00e9sident de l&rsquo;association \u00ab\u00a0Affiche Verte Manouchian\u00a0\u00bb rue du groupe Manouchian 75020<\/li>\n\n\n\n<li><strong>Jean-Paul Sardou<\/strong>, enseignant<\/li>\n\n\n\n<li><strong>Michel Rimbert,<\/strong><\/li>\n\n\n\n<li><strong>Anna Nalbandian,<\/strong><\/li>\n\n\n\n<li><strong>Didier Lespinasse,<\/strong> citoyen<\/li>\n\n\n\n<li><strong>B\u00e9n\u00e9dicte Rimbert,<\/strong><\/li>\n\n\n\n<li><strong>Simone Brunet, <\/strong>Avocate honoraire SAF<\/li>\n\n\n\n<li><strong>B\u00e9ranger Sahakian,<\/strong><\/li>\n\n\n\n<li><strong>Arlette Gros<\/strong>, retrait\u00e9e Education nationale<\/li>\n\n\n\n<li><strong>Fabienne Sarrat<\/strong>, conseill\u00e8re municipale Echirolles,<\/li>\n\n\n\n<li><strong>Sylvie Kermorgant,&nbsp;<\/strong><\/li>\n\n\n\n<li><strong>Serge Tateossian,<\/strong> Pr\u00e9sident AAMC Association Arm\u00e9nienne M\u00e9moire et Culture Normandie<\/li>\n\n\n\n<li><strong>Soazig Le Gall<\/strong>,<\/li>\n\n\n\n<li><strong>Josiane Gerardeaux , <\/strong>b\u00e9n\u00e9vole Secours populaire fran\u00e7ais,<\/li>\n\n\n\n<li><strong>Herv\u00e9 Buffat, <\/strong>retrait\u00e9,<\/li>\n\n\n\n<li><strong>Liliane Zentil, <\/strong>infirmi\u00e8re psy retrait\u00e9e,<\/li>\n\n\n\n<li><strong>Bruno Legrand, <\/strong>enseignant retrait\u00e9,<\/li>\n\n\n\n<li><strong>G\u00e9rard Catala, <\/strong>retrait\u00e9,<\/li>\n\n\n\n<li><strong>Philippe Barri\u00e8re,<\/strong> ing\u00e9nieur Principal Territorial \u2013 Retrait\u00e9,<\/li>\n\n\n\n<li><strong>Cathy La\u00fct, conseill\u00e8re municipale<\/strong>,<\/li>\n\n\n\n<li><strong>Maryjo de la Cruz, retrait\u00e9e Education nationale<\/strong>,<\/li>\n\n\n\n<li><strong>Sylvano Marian, animateur Groupe \u00ab&nbsp;Action&nbsp;\u00bb de la France Insoumise<\/strong>,<\/li>\n\n\n\n<li><strong>V\u00e9ronique Moret<\/strong>,<\/li>\n\n\n\n<li><strong>Louis Cerrillo, retrait\u00e9<\/strong>,<\/li>\n\n\n\n<li><strong>Fran\u00e7ois Brouquisse<\/strong>,<\/li>\n\n\n\n<li><strong>Jean-Pierre Bastianini, retrait\u00e9<\/strong>,<\/li>\n\n\n\n<li><strong>Christian Zueras, militant politique et syndical<\/strong>,<\/li>\n\n\n\n<li><strong>Michel Carr\u00e8re, retrait\u00e9<\/strong>,<\/li>\n\n\n\n<li><strong>Daniel Tristsch, retrait\u00e9<\/strong>,<\/li>\n\n\n\n<li><strong>Ren\u00e9 Haas, citoyen libre et souverain<\/strong>,<\/li>\n\n\n\n<li><strong>Jos\u00e9 Navarro<\/strong>,<\/li>\n\n\n\n<li><strong>Fran\u00e7ois Bouhours, enseignant retrait\u00e9<\/strong>,<\/li>\n\n\n\n<li><strong>Daniel larregola, retrait\u00e9<\/strong>,<\/li>\n\n\n\n<li><strong>Marie-Jos\u00e9 Plantat<\/strong>,<\/li>\n\n\n\n<li><strong>Laurent Roug\u00e9, professeur, militant, conseiller municipal Tarbes Citoyenne \u00c9cologique &amp; Solidaire<\/strong>,<\/li>\n\n\n\n<li><strong>Annie Bouhours, retrait\u00e9e Education Nationale&nbsp; membre MRAP<\/strong>,<\/li>\n\n\n\n<li><strong>Eugenia Ramirez<\/strong>,<\/li>\n\n\n\n<li><strong>Lo\u00efc Le Gac, militant de la m\u00e9moire<\/strong>,<\/li>\n\n\n\n<li><strong>Jean-Paul Batisse, agr\u00e9g\u00e9 de l\u2019universit\u00e9<\/strong>,<\/li>\n\n\n\n<li><strong>Joseph Constant<\/strong>,<\/li>\n\n\n\n<li><strong>Gildas Dollo, citoyen<\/strong>,<\/li>\n\n\n\n<li><strong>Claudine Montet<\/strong>,<\/li>\n\n\n\n<li><strong>David Morin, cheminot<\/strong>,<\/li>\n\n\n\n<li><strong>Jean-Luc Gautero, enseignant-chercheur<\/strong>,<\/li>\n\n\n\n<li><strong>Patrick Parrotin, enseignant retrait\u00e9<\/strong>,<\/li>\n\n\n\n<li><strong>Antoine Garcia Sanchez, avocat honoraire<\/strong>,<\/li>\n\n\n\n<li><strong>Claude Billot, retrait\u00e9<\/strong>,<\/li>\n\n\n\n<li><strong>Paulette M\u00e9rand<\/strong>,<\/li>\n\n\n\n<li><strong>Monique Grob, retrait\u00e9e<\/strong>,<\/li>\n\n\n\n<li><strong>Lucia Pommaret, retrait\u00e9e<\/strong>,<\/li>\n\n\n\n<li><strong>Claire Brabant<\/strong>,<\/li>\n\n\n\n<li><strong>Andr\u00e9 Vdovitchenko, retrait\u00e9<\/strong>,<\/li>\n\n\n\n<li><strong>Marcelle Vdovitchenko, retrait\u00e9e<\/strong>,<\/li>\n\n\n\n<li><strong>Jean-Paul Le Marec, retrait\u00e9<\/strong>,<\/li>\n\n\n\n<li><strong>Anne-Marie Martin<\/strong>,<\/li>\n\n\n\n<li><strong>Herv\u00e9 Moula, fils de r\u00e9sistant &#8211; militant pacifiste<\/strong>,<\/li>\n\n\n\n<li><strong>Marie-Paule Annette<\/strong>,<\/li>\n\n\n\n<li><strong>Jean-Fran\u00e7ois Lamache, personnel de direction<\/strong>,<\/li>\n\n\n\n<li><strong>V\u00e9ronique Noiret<\/strong>,<\/li>\n\n\n\n<li><strong>Maryse Masson, enseignante retrait\u00e9e<\/strong>,<\/li>\n\n\n\n<li><strong>Sylvie Zygel, auto-entrepreneuse<\/strong>,<\/li>\n\n\n\n<li><strong>Monique L\u00e9vy, retrait\u00e9e<\/strong>,<\/li>\n\n\n\n<li><strong>Genevi\u00e8ve Doze, enseignante retrait\u00e9e<\/strong>,<\/li>\n\n\n\n<li><strong>Aline Bonnafous<\/strong>,<\/li>\n\n\n\n<li><strong>Claudine Nicolle, adh\u00e9rente MRAP retrait\u00e9e&nbsp; \u00e9ducation nationale<\/strong>,<\/li>\n\n\n\n<li><strong>Annie Caudant<\/strong>,<\/li>\n\n\n\n<li><strong>Mireille Etignard, retrait\u00e9e<\/strong>,<\/li>\n\n\n\n<li><strong>Mireille Leclerc<\/strong>,<\/li>\n\n\n\n<li><strong>Michel Place, retrait\u00e9e<\/strong>,<\/li>\n\n\n\n<li><strong>Bernard Verset, retrait\u00e9<\/strong>,<\/li>\n\n\n\n<li><strong>Jacques Oulda Aoudia, \u00e9conomiste,<\/strong><\/li>\n\n\n\n<li><strong>Guy Jomier<\/strong>,<\/li>\n\n\n\n<li><strong>Jean-Georges Lorentz, membre du MRAP<\/strong>,<\/li>\n\n\n\n<li><strong>Michelle Peyron, retrait\u00e9e<\/strong>,<\/li>\n\n\n\n<li><strong>Monique Demay, retrait\u00e9e<\/strong>,<\/li>\n\n\n\n<li><strong>Stanislav Demidjuk, militant de gauche depuis 70 ans et toujours,<\/strong><\/li>\n\n\n\n<li><strong>Olga Mercadal, retrait\u00e9e de l\u2019\u00c9ducation nationale,<\/strong><\/li>\n\n\n\n<li><strong>Cathy Bousquet, retrait\u00e9e,<\/strong><\/li>\n\n\n\n<li><strong>Colette Parent, militante associative,<\/strong><\/li>\n\n\n\n<li><strong>Jean-Fran\u00e7ois Lataste,<\/strong><\/li>\n\n\n\n<li><strong>Nadine Pons, retrait\u00e9e,<\/strong><\/li>\n\n\n\n<li><strong>Daniel Ponsard, randonneur,<\/strong><\/li>\n\n\n\n<li><strong>Odile Ducros, retrait\u00e9e,<\/strong><\/li>\n\n\n\n<li><strong>Lydie Thiebeaux, adh\u00e9rente du MRAP,<\/strong><\/li>\n\n\n\n<li><strong>Dominique Bondu,<\/strong><\/li>\n\n\n\n<li><strong>Alicia Ballestero, enseignante,<\/strong><\/li>\n\n\n\n<li><strong>Jo\u00ebl Robert, retrait\u00e9,<\/strong><\/li>\n\n\n\n<li><strong>Patrice Alliot, militant du MRAP,<\/strong><\/li>\n\n\n\n<li><strong>Mich\u00e8le Von Moos,<\/strong><\/li>\n\n\n\n<li><strong>Jacqueline Saint-Jours, citoyenne,<\/strong><\/li>\n\n\n\n<li><strong>Fr\u00e9d\u00e9ric Charles, militant du Mrap, du PCF, animateur demandeur d&#8217;emploi,<\/strong><\/li>\n\n\n\n<li><strong>Monique Joubert, retrait\u00e9e,<\/strong><\/li>\n\n\n\n<li><strong>Anne Rochette, artiste, enseignante,<\/strong><\/li>\n\n\n\n<li><strong>Jean-Christophe Kroll, enseignant retrait\u00e9,<\/strong><\/li>\n\n\n\n<li><strong>Paul Hermet, citoyen,<\/strong><\/li>\n\n\n\n<li><strong>Paul Reynier, militant du MRAP,<\/strong><\/li>\n\n\n\n<li><strong>Vincenzo Celiberti, pr\u00e9historien,<\/strong><\/li>\n\n\n\n<li><strong>Andr\u00e9 Verbeke, retrait\u00e9,<\/strong><\/li>\n\n\n\n<li><strong>Pierre Cauet, syndicaliste CGT,<\/strong><\/li>\n\n\n\n<li><strong>Joan Schofield-Melon, membre de RESF 81 Castres et du MRAP,<\/strong><\/li>\n\n\n\n<li><strong>Christian Melon, pr\u00e9sident du comit\u00e9 local du M.R.AP.de Castres,<\/strong><\/li>\n\n\n\n<li><strong>Claudine Gau, fille de r\u00e9sistants,<\/strong><\/li>\n\n\n\n<li><strong>Chantal Pitard, militante du MRAP,<\/strong><\/li>\n\n\n\n<li><strong>Josette Perin, retrait\u00e9e,<\/strong><\/li>\n\n\n\n<li><strong>Chantal Pitard, militante du MRAP<\/strong><\/li>\n\n\n\n<li><strong>Mich\u00e8le Sarrabeyrouse, retrait\u00e9e,<\/strong><\/li>\n\n\n\n<li><strong>Claude Matz,<\/strong><\/li>\n\n\n\n<li><strong>V\u00e9ronique Mentzel-Freund, retrait\u00e9e,<\/strong><\/li>\n\n\n\n<li><strong>Andr\u00e9 Lamour\u00e8re,<\/strong><\/li>\n\n\n\n<li><strong>Annie-France Souesme,<\/strong><\/li>\n\n\n\n<li><strong>Monique Abdennour-Pfiffer,<\/strong><\/li>\n\n\n\n<li><strong>Evelyne Guislin, retrait\u00e9e,<\/strong><\/li>\n\n\n\n<li><strong>Monique Longuenesse, retrait\u00e9e,<\/strong><\/li>\n\n\n\n<li><strong>Marie-Th\u00e9r\u00e8se Omouri,<\/strong><\/li>\n\n\n\n<li><strong>Jean-Louis Demay, cadre retrait\u00e9,<\/strong><\/li>\n\n\n\n<li><strong>Annie Henry, membre du MRAP,<\/strong><\/li>\n\n\n\n<li><strong>Pierre Sylvain, retrait\u00e9,<\/strong><\/li>\n\n\n\n<li><strong>Madeleine Gaud\u00e9, enseignante retrait\u00e9e,<\/strong><\/li>\n\n\n\n<li><strong>Alain Chiappini, fils de r\u00e9sistant,<\/strong><\/li>\n\n\n\n<li><strong>G\u00e9rard Chandesris, retrait\u00e9,<\/strong><\/li>\n\n\n\n<li><strong>Johny Bessy,<\/strong><\/li>\n\n\n\n<li><strong>Rachel Guinamant, enseignante,<\/strong><\/li>\n\n\n\n<li><strong>Dupuy Edith, antiraciste,<\/strong><\/li>\n\n\n\n<li><strong>Alain Poussineau, retrait\u00e9 de la Poste,<\/strong><\/li>\n\n\n\n<li><strong>B\u00e9atrice Rougy,<\/strong><\/li>\n\n\n\n<li><strong>Dominique Marchesseau,<\/strong><\/li>\n\n\n\n<li><strong>Claire Lataste,<\/strong><\/li>\n\n\n\n<li><strong>Mich\u00e8le Bertier, retrait\u00e9e,<\/strong><\/li>\n\n\n\n<li><strong>Annick Baron, retrait\u00e9e,<\/strong><\/li>\n\n\n\n<li><strong>Jacques-Louise Aboucaya,<\/strong><\/li>\n\n\n\n<li><strong>Catherine Ballestero, retrait\u00e9e de l\u2019enseignement,<\/strong><\/li>\n\n\n\n<li><strong>Jacques Terzian, retrait\u00e9,<\/strong><\/li>\n\n\n\n<li><strong>Ren\u00e9 Pommaret,<\/strong><\/li>\n\n\n\n<li><strong>Bernard Mugnier, militant antiraciste,<\/strong><\/li>\n\n\n\n<li><strong>Odile Clemente, retrait\u00e9e de l\u2019enseignement,<\/strong><\/li>\n\n\n\n<li><strong>Daniel Jamgotchian, chef d\u2019entreprise,<\/strong><\/li>\n\n\n\n<li><strong>Anna Zajac, conseill\u00e8re municipale communiste,<\/strong><\/li>\n\n\n\n<li><strong>Malika Lamri,<\/strong><\/li>\n\n\n\n<li><strong>Catherine Delatte-Almeras, com\u00e9dienne,<\/strong><\/li>\n\n\n\n<li><strong>Mich\u00e8le Fougeron, professeur retrait\u00e9e,<\/strong><\/li>\n\n\n\n<li><strong>Noelle Digan,<\/strong><\/li>\n\n\n\n<li><strong>Solange Joly,<\/strong><\/li>\n\n\n\n<li><strong>Fran\u00e7oise Fenigchtein, retrait\u00e9e,<\/strong><\/li>\n\n\n\n<li><strong>Michel Boudra, adh\u00e9rent du MRAP,<\/strong><\/li>\n\n\n\n<li><strong>Martine Jamgotchian, citoyenne,<\/strong><\/li>\n\n\n\n<li><strong>Armand Clavel, retrait\u00e9 de l\u2019Education nationale,<\/strong><\/li>\n\n\n\n<li><strong>Sylvia Martinez, militante du MRAP Paris,<\/strong><\/li>\n\n\n\n<li><strong>Robert Gaud\u00e9,<\/strong><\/li>\n\n\n\n<li><strong>Annie Charton,<\/strong><\/li>\n\n\n\n<li><strong>Serge Charton,<\/strong><\/li>\n\n\n\n<li><strong>Jacques Bodin, retrait\u00e9,<\/strong><\/li>\n\n\n\n<li><strong>Henriette Morand, retrait\u00e9e,<\/strong><\/li>\n\n\n\n<li><strong>Jean-Pierre Courseille,<\/strong><\/li>\n\n\n\n<li><strong>Jean Peetson, ing\u00e9nieur urbaniste retrait\u00e9,<\/strong><\/li>\n\n\n\n<li><strong>Claude Rossignol, retrait\u00e9,<\/strong><\/li>\n\n\n\n<li><strong>Chlo\u00e9 Maurel, historienne, membre du comit\u00e9 d&rsquo;honneur du MRAP,<\/strong><\/li>\n\n\n\n<li><strong>Annie Bouhours,<\/strong><\/li>\n\n\n\n<li><strong>Maryse Trinques, retrait\u00e9e de l\u2019enseignement,<\/strong><\/li>\n\n\n\n<li><strong>Thierry Dieudonn\u00e9, adh\u00e9rent du MRAP,<\/strong><\/li>\n\n\n\n<li><strong>Daniel Salhorgne, responsable associatif,<\/strong><\/li>\n\n\n\n<li><strong>Alain Huertas, d\u00e9fenseur des droits de l\u2019Homme,<\/strong><\/li>\n\n\n\n<li><strong>Daniel Praun retrait\u00e9 de la SNCF,<\/strong><\/li>\n\n\n\n<li><strong>Anne-Marie Kazourian, responsable associatif,<\/strong><\/li>\n\n\n\n<li><strong>Sylvain Goldstein,<\/strong><\/li>\n\n\n\n<li><strong>Louisette Fareniaux, enseignante universitaire honoraire,<\/strong><\/li>\n\n\n\n<li><strong>Elisabeth Crusson, militante mrap,<\/strong><\/li>\n\n\n\n<li><strong>Richard Neuville, militant de l&rsquo;autogestion, syndicaliste,<\/strong><\/li>\n\n\n\n<li><strong>Gilles Thellier, citoyen,<\/strong><\/li>\n\n\n\n<li><strong>G\u00e9rard Couchoud,<\/strong><\/li>\n\n\n\n<li><strong>Christine Helot,<\/strong><\/li>\n\n\n\n<li><strong>Fran\u00e7ois Salhorgne, ing\u00e9nieur,<\/strong><\/li>\n\n\n\n<li><strong>Isabelle Questel, demandeuse d&#8217;emploi,<\/strong><\/li>\n\n\n\n<li><strong>Josette Couchoud,<\/strong><\/li>\n\n\n\n<li><strong>Manuel Garcia, retrait\u00e9,<\/strong><\/li>\n\n\n\n<li><strong>Alain Arnaudet, adh\u00e9rent au MRAP,<\/strong><\/li>\n\n\n\n<li><strong>Christine Truchot-Dessolle, adh\u00e9rente au MRAP,<\/strong><\/li>\n\n\n\n<li><strong>Andr\u00e9 Rousseau,<\/strong><\/li>\n\n\n\n<li><strong>Maria Lavigne, retrait\u00e9e,<\/strong><\/li>\n\n\n\n<li><strong>Dominique Gouttebelle, retrait\u00e9e,<\/strong><\/li>\n\n\n\n<li><strong>Michel L\u00e9on,<\/strong><\/li>\n\n\n\n<li><strong>Marie-H\u00e9l\u00e8ne Hiver,<\/strong><\/li>\n\n\n\n<li><strong>Paul Barr\u00e9, adh\u00e9rent au MRAP,<\/strong><\/li>\n\n\n\n<li><strong>Fran\u00e7oise Le Floch,<\/strong><\/li>\n\n\n\n<li><strong>Yves Loriette, retrait\u00e9,<\/strong><\/li>\n\n\n\n<li><strong>Georges Jullia, retrait\u00e9,<\/strong><\/li>\n\n\n\n<li><strong>Zahia Oumakhlouf, Membre du Conseil national du MRAP,<\/strong><\/li>\n\n\n\n<li><strong>Marie-Th\u00e9r\u00e8se Mort, citoyenne,<\/strong><\/li>\n\n\n\n<li><strong>Claude Tour\u00e9, retrait\u00e9e,<\/strong><\/li>\n\n\n\n<li><strong>Michel Korzec, musicien,<\/strong><\/li>\n\n\n\n<li><strong>Fran\u00e7ois Hau,<\/strong><\/li>\n\n\n\n<li><strong>R\u00e9mi Bouriaud, retrait\u00e9,<\/strong><\/li>\n\n\n\n<li><strong>Michel Ouaknine, ing\u00e9nieur semi-conducteurs,<\/strong><\/li>\n\n\n\n<li><strong>Josette Jourdan, militante des droits humains,<\/strong><\/li>\n\n\n\n<li><strong>Simone Vermot,<\/strong><\/li>\n\n\n\n<li><strong>Patrick Mah\u00e9, retrait\u00e9,<\/strong><\/li>\n\n\n\n<li><strong>Jean-Fran\u00e7ois Lucas, enseignant,<\/strong><\/li>\n\n\n\n<li><strong>Marc Alcher, maquettiste retrait\u00e9,<\/strong><\/li>\n\n\n\n<li><strong>Andr\u00e9 Bordeur, militant du MRAP,<\/strong><\/li>\n\n\n\n<li><strong>Mireille Guillou,<\/strong><\/li>\n\n\n\n<li><strong>Jacques Thomas, ancien Conseiller municipal et communautaire de Beaune,<\/strong><\/li>\n\n\n\n<li><strong>Palmyre Burgaleta,<\/strong><\/li>\n\n\n\n<li><strong>Christine Ghiotto,<\/strong><\/li>\n\n\n\n<li><strong>Mich\u00e8le Fougeron, professeure retrait\u00e9e,<\/strong><\/li>\n\n\n\n<li><strong>Nelly Foissac,<\/strong><\/li>\n\n\n\n<li><strong>Anne-Marie Crampes,<\/strong><\/li>\n\n\n\n<li><strong>Roland Foissac, Vice-Pdt honoraire du CG du Tarn,<\/strong><\/li>\n\n\n\n<li><strong>Bernard Ari\u00e8s,<\/strong><\/li>\n\n\n\n<li><strong>J.-M. Leclerc, \u00e9ducateur retrait\u00e9,<\/strong><\/li>\n\n\n\n<li><strong>Lydia Wener, humaniste,<\/strong><\/li>\n\n\n\n<li><strong>Maryse Fournier, retrait\u00e9e de l\u2019EN,<\/strong><\/li>\n\n\n\n<li><strong>Claude Marguerite Mangin, militante associative,<\/strong><\/li>\n\n\n\n<li><strong>Jeannine Giulietti,<\/strong><\/li>\n\n\n\n<li><strong>Anne Feray, membre du Bureau national MRAP,<\/strong><\/li>\n\n\n\n<li><strong>Marie-Pierre Lannoy,<\/strong><\/li>\n\n\n\n<li><strong>Chlo\u00e9 Fernandez,<\/strong><\/li>\n\n\n\n<li><strong>Alexandre Laumont, enseignant,<\/strong><\/li>\n\n\n\n<li><strong>Laurent Lajoinie, journaliste,<\/strong><\/li>\n\n\n\n<li><strong>Pierre Krausz, pr\u00e9sident du comit\u00e9 MRAP 87, professeur honoraire des universit\u00e9s,<\/strong><\/li>\n\n\n\n<li><strong>Patricia Martinez, pr\u00e9sidente du comit\u00e9 MRAP 66,<\/strong><\/li>\n\n\n\n<li><strong>Boualem Zioui, retrait\u00e9,<\/strong><\/li>\n\n\n\n<li><strong>Morgan Poggioli, historien,<\/strong><\/li>\n\n\n\n<li><strong>Alfred Zimmer, membre du Bureau National du MRAP,<\/strong><\/li>\n\n\n\n<li><strong>Francois Sauterey, co-pr\u00e9sident du MRAP,<\/strong><\/li>\n\n\n\n<li><strong>Nina Manteaux-Achikian, militante la\u00efque,<\/strong><\/li>\n\n\n\n<li><strong>Fran\u00e7ois Levent, militant associatif \u00e0 Nantes,<\/strong><\/li>\n\n\n\n<li><strong>Ren\u00e9e Le Mignot, pr\u00e9sidente honoraire du MRAP,<\/strong><\/li>\n\n\n\n<li><strong>Claude Lutz, \u00e9diteur,<\/strong><\/li>\n\n\n\n<li><strong>Samuel Besnard, conseiller d\u00e9partemental du Val-de-Marne,<\/strong><\/li>\n\n\n\n<li><strong>Emmanuel Vigneron, professeur des Universit\u00e9s,<\/strong><\/li>\n\n\n\n<li><strong>Didier Drujon,<\/strong><\/li>\n\n\n\n<li><strong>St\u00e9phane Corcos,<\/strong><\/li>\n\n\n\n<li><strong>Mich\u00e8le Gautard, \u00e9crivaine,<\/strong><\/li>\n\n\n\n<li><strong>Thomas Schmittel, citoyen militant,<\/strong><\/li>\n\n\n\n<li><strong>Georges Rastklan, pr\u00e9sident de Valence Romans Tourisme, adjoint au maire de Valence,<\/strong><\/li>\n\n\n\n<li><strong>Michel Ionascu, r\u00e9alisateur-\u00e9crivain,<\/strong><\/li>\n\n\n\n<li><strong>V\u00e9ronique Decayeux , professeur d&rsquo;histoire-g\u00e9ographie,<\/strong><\/li>\n\n\n\n<li><strong>Bernadette Philips, &nbsp;militante,<\/strong><\/li>\n\n\n\n<li><strong>Bruno Bernard, retrait\u00e9,<\/strong><\/li>\n\n\n\n<li><strong>Anne-Marie Quellier, enseignante,<\/strong><\/li>\n\n\n\n<li><strong>Pierre Bredeau, entrepreneur et conseiller municipal de Valence<\/strong>,<\/li>\n\n\n\n<li><strong>Patrick Broux, citoyen<\/strong>,<\/li>\n\n\n\n<li><strong>Nathalie Iliozer, Conseill\u00e8re D\u00e9partementale Dr\u00f4me\/Adjointe Mairie de Valence,<\/strong><\/li>\n\n\n\n<li><strong>Karine Thomas-Djiriguian, citoyenne,<\/strong><\/li>\n\n\n\n<li><strong>Jeanne B\u00e9drossian, lyc\u00e9enne,<\/strong><\/li>\n\n\n\n<li><strong>Karine Farraire, principale de coll\u00e8ge,<\/strong><\/li>\n\n\n\n<li><strong>Jenny Poirier,<\/strong><\/li>\n\n\n\n<li><strong>Jean Eckian, journaliste, com\u00e9dien,<\/strong><\/li>\n\n\n\n<li><strong>Audrey Galicy,<\/strong><\/li>\n\n\n\n<li><strong>Jeanine Fargier, retrait\u00e9e,<\/strong><\/li>\n\n\n\n<li><strong>Edouard Martorello, mar\u00e9chal-ferrant,<\/strong><\/li>\n\n\n\n<li><strong>Sylvain Theysgeur, ouvrier agricole \/ ancien enseignant Histoire-g\u00e9ographie en lyc\u00e9e professionnel,<\/strong><\/li>\n\n\n\n<li><strong>Christine Ansourian,<\/strong><\/li>\n\n\n\n<li><strong>G\u00e9rard Martayan,<\/strong><\/li>\n\n\n\n<li><strong>Josette Borzakian, retrait\u00e9e,<\/strong><\/li>\n\n\n\n<li><strong>G\u00e9rard D\u00e9d\u00e9yan, retrait\u00e9,<\/strong><\/li>\n\n\n\n<li><strong>Alice Mavian, fille du r\u00e9sistant Mavian Mihran,<\/strong><\/li>\n\n\n\n<li><strong>Edouard Boghossian,<\/strong><\/li>\n\n\n\n<li><strong>B\u00e9atrice Krikorian,<\/strong><\/li>\n\n\n\n<li><strong>Jean-Pierre Kibarian, chirurgien-dentiste retrait\u00e9 et b\u00e9n\u00e9vole,<\/strong><\/li>\n\n\n\n<li><strong>Pascal Jeanne,<\/strong><\/li>\n\n\n\n<li><strong>Samuel Tilbian, militant,<\/strong><\/li>\n\n\n\n<li><strong>Charles Desprez, citoyen,<\/strong><\/li>\n\n\n\n<li><strong>Jacques Hagopian, retrait\u00e9,<\/strong><\/li>\n\n\n\n<li><strong>Odette Eutudjian, retrait\u00e9e,<\/strong><\/li>\n\n\n\n<li><strong>Movses Nissanian, m\u00e9decin,<\/strong><\/li>\n\n\n\n<li><strong>Pascal Langlois, ing\u00e9nieur, fils de r\u00e9sistant,<\/strong><\/li>\n\n\n\n<li><strong>Raffi Nissanian, m\u00e9decin,<\/strong><\/li>\n\n\n\n<li><strong>Missak Bedrossian,<\/strong><\/li>\n\n\n\n<li><strong>Mathieu Bedrossian,<\/strong><\/li>\n\n\n\n<li><strong>Denis Colongo,<\/strong><\/li>\n\n\n\n<li><strong>Yann Crombecque,<\/strong><\/li>\n\n\n\n<li><strong>Michel Chevreau-Miguras,<\/strong><\/li>\n\n\n\n<li><strong>Fabrice Melkonian,<\/strong><\/li>\n\n\n\n<li><strong>Georgette Melkonian,<\/strong><\/li>\n\n\n\n<li><strong>Franck Anouchian,<\/strong><\/li>\n\n\n\n<li><strong>C\u00e9dric Boulas,<\/strong><\/li>\n\n\n\n<li><strong>Edwige Bertrand,<\/strong><\/li>\n\n\n\n<li><strong>Michel Delagrange, retrait\u00e9,<\/strong><\/li>\n\n\n\n<li>Marie<strong>-Pierre Dunand, institutrice retrait\u00e9e,<\/strong><\/li>\n\n\n\n<li><strong>Olivier Lafont, policier municipal,<\/strong><\/li>\n\n\n\n<li><strong>Lionel Bournizien, enseignant retrait\u00e9,<\/strong><\/li>\n\n\n\n<li><strong>Violaine Bourgois, retrait\u00e9e,<\/strong><\/li>\n\n\n\n<li><strong>Marie-France Bailleul-Gomis, <\/strong><\/li>\n\n\n\n<li><strong>Fran\u00e7ois Arnaud, Professeur des universit\u00e9s<\/strong><\/li>\n\n\n\n<li><strong>Eric Rodrigues,<\/strong><\/li>\n\n\n\n<li><strong>Michel Simonot, m\u00e9decin,<\/strong><\/li>\n\n\n\n<li><strong>Yolande B\u00e9raud,<\/strong><\/li>\n\n\n\n<li><strong>Corinne L\u00e9rin-Mizac, professeur d&rsquo;Histoire-G\u00e9ographie,<\/strong><\/li>\n\n\n\n<li><strong>Jean Bass\u00e8de, Directeur Territorial,<\/strong><\/li>\n\n\n\n<li><strong>Rachid Abdelli, Informaticien,<\/strong><\/li>\n\n\n\n<li><strong>Fr\u00e9d\u00e9ric Nivi\u00e8re,<\/strong><\/li>\n\n\n\n<li><strong>Dominique Capron, maire adjoint,<\/strong><\/li>\n\n\n\n<li><strong>Bernard Duval,<\/strong><\/li>\n\n\n\n<li><strong>Ir\u00e8ne Lach, retrait\u00e9e fonction publique,<\/strong><\/li>\n\n\n\n<li><strong>Edouard Ferrand, m\u00e9decin, <\/strong><\/li>\n\n\n\n<li><strong>Julie Gomez,<\/strong><\/li>\n\n\n\n<li><strong>Stefan Nowak, photographe,<\/strong><\/li>\n\n\n\n<li><strong>Marie-Claude Jullien,<\/strong><\/li>\n\n\n\n<li><strong>Patrick Berisset,<\/strong><\/li>\n\n\n\n<li><strong>Jean-Luc Ch\u00eane, Infirmier retrait\u00e9,<\/strong><\/li>\n\n\n\n<li><strong>C\u00e9cile Houizot, auto-entrepreneuse,<\/strong><\/li>\n\n\n\n<li><strong>Michel Mayet, retrait\u00e9,<\/strong><\/li>\n\n\n\n<li><strong>Denis Fritz,<\/strong><\/li>\n\n\n\n<li><strong>Marguerite Moreau, ancienne fonctionnaire,<\/strong><\/li>\n\n\n\n<li><strong>Maurice Lafont, ancien attach\u00e9 principal d&rsquo;administration,<\/strong><\/li>\n\n\n\n<li><strong>Sandrine Glaive-Garcin,<\/strong><\/li>\n\n\n\n<li><strong>Murielle David,<\/strong><\/li>\n\n\n\n<li><strong>Pierre Charat,<\/strong><\/li>\n\n\n\n<li><strong>Colette Charat,<\/strong><\/li>\n\n\n\n<li><strong>Marie Lain, retrait\u00e9e,<\/strong><\/li>\n\n\n\n<li><strong>Lo\u00efck Rosec-Despr\u00e9s,<\/strong><\/li>\n\n\n\n<li><strong>Elisabeth Benichou,<\/strong><\/li>\n\n\n\n<li><strong>Christelle Bainvel, professeure,<\/strong><\/li>\n\n\n\n<li><strong>Lucette Petit, retrait\u00e9e,<\/strong><\/li>\n\n\n\n<li><strong>Patrice Hagopian, retrait\u00e9 SNCF,<\/strong><\/li>\n\n\n\n<li><strong>Agn\u00e8s Krassinine de Soultrait,<\/strong><\/li>\n\n\n\n<li><strong>Patrick Thibaut,<\/strong><\/li>\n\n\n\n<li><strong>Hovsep Havagyan , responsable commercial,<\/strong><\/li>\n\n\n\n<li><strong>Fran\u00e7ois Van Zon, informaticien,<\/strong><\/li>\n\n\n\n<li><strong>Patrick Charilas,<\/strong><\/li>\n\n\n\n<li><strong>Yvan Clero,<\/strong><\/li>\n\n\n\n<li><strong>Evelyne Richard-Brasseur,<\/strong><\/li>\n\n\n\n<li><strong>Jo\u00ebl Devanciard,<\/strong><\/li>\n\n\n\n<li><strong>Myriam Landolfi,<\/strong><\/li>\n\n\n\n<li><strong>Andr\u00e9 Krischer,<\/strong><\/li>\n\n\n\n<li><strong>Thibault Fleury, Enseignant de lettres\/Histoire-Geographie,<\/strong><\/li>\n\n\n\n<li><strong>Michel Giacomazzi,<\/strong><\/li>\n\n\n\n<li><strong>Mikael Minassian, musicien,<\/strong><\/li>\n\n\n\n<li><strong>Nelly Aslan, assistante maternelle,<\/strong><\/li>\n\n\n\n<li><strong>Marie-Jos\u00e9 Christien, auteur, critique litt\u00e9raire, responsable de r\u00e9daction de la revue \u00ab\u00a0Spered Gouez \/ l&rsquo;esprit sauvage\u00a0\u00bb<\/strong><\/li>\n\n\n\n<li><strong>Jean-Luc Maillot, citoyen,<\/strong><\/li>\n\n\n\n<li><strong>Jean-Christophe Hagopian, enseignant retrait\u00e9,<\/strong><\/li>\n\n\n\n<li><strong>No\u00ebl Michalczak, journaliste honoraire,<\/strong><\/li>\n\n\n\n<li><strong>Claire Balandier, enseignante-chercheuse,<\/strong><\/li>\n\n\n\n<li><strong>Danielle Balandier, citoyenne,<\/strong><\/li>\n\n\n\n<li><strong>Marc Lallemand, infirmier retrait\u00e9,<\/strong><\/li>\n\n\n\n<li><strong>Didier Rossi, retrait\u00e9,<\/strong><\/li>\n\n\n\n<li><strong>Claire Aubert, Petite ni\u00e8ce de r\u00e9sistant<\/strong><\/li>\n\n\n\n<li><strong>Philippe Pascal,<\/strong><\/li>\n\n\n\n<li><strong>Marie-Fran\u00e7oise Pascal, maire-adjointe \u00e0 la Culture de Valence,<\/strong><\/li>\n\n\n\n<li><strong>Jean-Paul Jury, conseiller municipal de Valence de 1977 \u00e0 2001, pr\u00e9sident de LUX sc\u00e8ne nationale de Valence de 2003 \u00e0 2018, membre d&rsquo;honneur du Conseil d&rsquo;administration de l&rsquo;Association des Sc\u00e8nes Nationales, chevalier de l&rsquo;ordre national du M\u00e9rite,<\/strong><\/li>\n\n\n\n<li><strong>Jean-Paul Castanier, m\u00e9decin retrait\u00e9, <\/strong><\/li>\n\n\n\n<li><strong>Didier Mainguy, retrait\u00e9,<\/strong><\/li>\n\n\n\n<li><strong>Michel Clette, Fonctionnaire, belge, citoyen europ\u00e9en et citoyen du monde,<\/strong><\/li>\n\n\n\n<li><strong>Jean-Pierre Kaftandjian, citoyen,<\/strong><\/li>\n\n\n\n<li><strong>Renaud Bony,<\/strong><\/li>\n\n\n\n<li><strong>Josette Tuffery, citoyenne,<\/strong><\/li>\n\n\n\n<li><strong>Fabienne Lamore,<\/strong><\/li>\n\n\n\n<li><strong>C\u00e9line Berrier, Principale adjointe,<\/strong><\/li>\n\n\n\n<li><strong>Jean-Fran\u00e7ois Bowen, citoyen,<\/strong><\/li>\n\n\n\n<li><strong>Roland Davitian, ing\u00e9nieur,<\/strong><\/li>\n\n\n\n<li><strong>Fran\u00e7oise Sagot-d&rsquo;Hervilley,<\/strong><\/li>\n\n\n\n<li><strong>V\u00e9ronique Basso, citoyenne,<\/strong><\/li>\n\n\n\n<li><strong>Vincent L\u00e9vy,<\/strong><\/li>\n\n\n\n<li><strong>Fr\u00e9d\u00e9ric Mazurier, fonctionnaire,<\/strong><\/li>\n\n\n\n<li><strong>Christophe Sagot,<\/strong><\/li>\n\n\n\n<li><strong>Martine Beno\u00eet, professeur des universit\u00e9s,<\/strong><\/li>\n\n\n\n<li><strong>Alain Pommier,<\/strong><\/li>\n\n\n\n<li><strong>Denis Michelet, retrait\u00e9e,<\/strong><\/li>\n\n\n\n<li><strong>Georges Ohanessian,<\/strong><\/li>\n\n\n\n<li><strong>Ornella Ohanessian,<\/strong><\/li>\n\n\n\n<li><strong>Parisette Gilli,<\/strong><\/li>\n\n\n\n<li><strong>Michel Warm\u00e9,<\/strong><\/li>\n\n\n\n<li><strong>Constantinos Ra\u00efos, MCF &#8211; UT2J,<\/strong><\/li>\n\n\n\n<li><strong>Flavien Babaud,<\/strong><\/li>\n\n\n\n<li><strong>Fran\u00e7oise Gedanken, Imaginieure et traject&rsquo;ographe,<\/strong><\/li>\n\n\n\n<li><strong>Claude Delesalle,<\/strong><\/li>\n\n\n\n<li><strong>Zo\u00e9 Neboit, \u00e9tudiante,<\/strong><\/li>\n\n\n\n<li><strong>Martine Nocoulaud,<\/strong><\/li>\n\n\n\n<li><strong>G\u00e9rard Blancheteau, Enseignant et syndicaliste retrait\u00e9,<\/strong><\/li>\n\n\n\n<li><strong>J\u00e9r\u00f4me Comptdaer,<\/strong><\/li>\n\n\n\n<li><strong>Babaud Danielle,<\/strong><\/li>\n\n\n\n<li><strong>Didier Portal, retrait\u00e9,<\/strong><\/li>\n\n\n\n<li><strong>Emmanuelle Babaud,<\/strong><\/li>\n\n\n\n<li><strong>Caroline Dargelos,<\/strong><\/li>\n\n\n\n<li><strong>Fr\u00e9d\u00e9ric de la Hogue,<\/strong><\/li>\n\n\n\n<li><strong>Guy Bricart, m\u00e9decin,<\/strong><\/li>\n\n\n\n<li><strong>Beno\u00eet Dumont,<\/strong><\/li>\n\n\n\n<li><strong>Nathalie Rochard,<\/strong><\/li>\n\n\n\n<li><strong>Olivier Faes,<\/strong><\/li>\n\n\n\n<li><strong>Nicolas Elie, Historien CNRS retrait\u00e9,<\/strong><\/li>\n\n\n\n<li><strong>Olivier Boisson,<\/strong><\/li>\n\n\n\n<li><strong>Jean-Paul Cathalan, enseignant,<\/strong><\/li>\n\n\n\n<li><strong>Daniel Troubl\u00e9,<\/strong><\/li>\n\n\n\n<li><strong>Jean-Luc Gauch, <\/strong><\/li>\n\n\n\n<li><strong>Isabelle Raoul, r\u00e9dactrice,<\/strong><\/li>\n\n\n\n<li><strong>Alain Willem,<\/strong><\/li>\n\n\n\n<li><strong>Yves Adelin, retrait\u00e9 Syndicaliste, petit fils de r\u00e9sistant,<\/strong><\/li>\n\n\n\n<li><strong>Christine Vulliard, professeur de lettres,<\/strong><\/li>\n\n\n\n<li><strong>Nathalie Avakian,<\/strong><\/li>\n\n\n\n<li><strong>Serge Rozenblum, expert-comptable,<\/strong><\/li>\n\n\n\n<li><strong>Florence Gasnot, professeur,<\/strong><\/li>\n\n\n\n<li><strong>Chantal Charpentier, retrait\u00e9e \u00e9ducation nationale,<\/strong><\/li>\n\n\n\n<li><strong>Vanessa Rigolet,<\/strong><\/li>\n\n\n\n<li><strong>Genevi\u00e8ve Pouliquen, retrait\u00e9e de l&rsquo;enseignement,<\/strong><\/li>\n\n\n\n<li><strong>Christian Hentges, retrait\u00e9,<\/strong><\/li>\n\n\n\n<li><strong>Samuel Freret,<\/strong><\/li>\n\n\n\n<li><strong>Jos\u00e9 Freret, citoyen,<\/strong><\/li>\n\n\n\n<li><strong>Claire Chevrel, citoyenne,<\/strong><\/li>\n\n\n\n<li><strong>Florence Vitrtori, artiste-peintre,<\/strong><\/li>\n\n\n\n<li><strong>R\u00e9mi Boniface, avocat,<\/strong><\/li>\n\n\n\n<li><strong>Marc Bartolini, enseignant,<\/strong><\/li>\n\n\n\n<li><strong>Alix Fran\u00e7oise-Laurent-Pierron, retrait\u00e9e,<\/strong><\/li>\n\n\n\n<li><strong>Karine Pons, petite-fille et arri\u00e8re-petite fille de r\u00e9sistants,<\/strong><\/li>\n\n\n\n<li><strong>Guy Mathez, retrait\u00e9,<\/strong><\/li>\n\n\n\n<li><strong>Sylvette Minand, enseignante,<\/strong><\/li>\n\n\n\n<li><strong>Monique Mouquet, retrait\u00e9e Education nationale,<\/strong><\/li>\n\n\n\n<li><strong>Corinne Poisson,<\/strong><\/li>\n\n\n\n<li><strong>Jean-Claude Monneveux, antiraciste,<\/strong><\/li>\n\n\n\n<li><strong>Soledad Vergara, retrait\u00e9e,<\/strong><\/li>\n\n\n\n<li><strong>Andr\u00e9 Perreton,<\/strong><\/li>\n\n\n\n<li><strong>Patrice Perini, retrait\u00e9,<\/strong><\/li>\n\n\n\n<li><strong>Marika Mardirossian, professeure de lyc\u00e9e,<\/strong><\/li>\n\n\n\n<li><strong>Lucile Claquin-Varnat, pofesseur,<\/strong><\/li>\n\n\n\n<li><strong>G\u00e9rard Belotti,<\/strong><\/li>\n\n\n\n<li><strong>Pierrick Hennemann, Aide cuisine,<\/strong><\/li>\n\n\n\n<li><strong>Ludovic Tetevuide, secr\u00e9taire UD CGT de la Marne,<\/strong><\/li>\n\n\n\n<li><strong>David Baron, commer\u00e7ant,<\/strong><\/li>\n\n\n\n<li><strong>Ornella Moquay, <\/strong><\/li>\n\n\n\n<li><strong>Emma Duquenne, retrait\u00e9e,<\/strong><\/li>\n\n\n\n<li><strong>Fran\u00e7ois Pellegrin, enseignant,<\/strong><\/li>\n\n\n\n<li><strong>Jacky Catoir, travailleur social,<\/strong><\/li>\n\n\n\n<li><strong>Genevi\u00e8ve Cros,<\/strong><\/li>\n\n\n\n<li><strong>Patrick Salem,<\/strong><\/li>\n\n\n\n<li><strong>Michel Perrochon, ancien directeur centre socioculturel,<\/strong><\/li>\n\n\n\n<li><strong>Daniel Kayat,<\/strong><\/li>\n\n\n\n<li><strong>Claude Savasta, <\/strong><\/li>\n\n\n\n<li><strong>Jean-Pierre Gros, directeur d&rsquo;\u00e9cole,<\/strong><\/li>\n\n\n\n<li><strong>C\u00e9cile Lefevre,<\/strong><\/li>\n\n\n\n<li><strong>Roger Dussopt,<\/strong><\/li>\n\n\n\n<li><strong>Jacques Blanc, ancien Professeur \u00e0 Sciences Po,<\/strong><\/li>\n\n\n\n<li><strong>Mireille Dussopt,<\/strong><\/li>\n\n\n\n<li><strong>Jean-No\u00ebl Duval, retrait\u00e9 de la fonction publique territoriale,<\/strong><\/li>\n\n\n\n<li><strong>Daniel Lesur, com\u00e9dien,<\/strong><\/li>\n\n\n\n<li><strong>Isabelle Velten-Dubois, retrait\u00e9e Education Nationale,<\/strong><\/li>\n\n\n\n<li><strong>Jacques Lisseroglou,<\/strong><\/li>\n\n\n\n<li><strong>V\u00e9ronique Dupuy, fonctionnaire,<\/strong><\/li>\n\n\n\n<li><strong>Elisabeth Roupen,<\/strong><\/li>\n\n\n\n<li><strong>Jean-Guy Cousseau,<\/strong><\/li>\n\n\n\n<li><strong>Jacqueline Comet-Ghertman, secr\u00e9taire de direction retrait\u00e9e,<\/strong><\/li>\n\n\n\n<li><strong>Bruno Par\u00e8des,<\/strong><\/li>\n\n\n\n<li><strong>Sabine Caudrelier,<\/strong><\/li>\n\n\n\n<li><strong>Alain Ghertman, journaliste et peintre,<\/strong><\/li>\n\n\n\n<li><strong>Guillaume Gueguen, professeur agr\u00e9g\u00e9,<\/strong><\/li>\n\n\n\n<li><strong>Shawn Le Govic, \u00e9tudiant,<\/strong><\/li>\n\n\n\n<li><strong>Guy De Oliveira,<\/strong><\/li>\n\n\n\n<li><strong>Generosa, Bachet-Rasle,<\/strong><\/li>\n\n\n\n<li><strong>Patrick Clovirola,<\/strong><\/li>\n\n\n\n<li><strong>Arusyak Ko\u00e7-Monnet, enseignante,<\/strong><\/li>\n\n\n\n<li><strong>St\u00e9phane Monnet, enseignant,<\/strong><\/li>\n\n\n\n<li><strong>Anna Grimaldi,<\/strong><\/li>\n\n\n\n<li><strong>Annick Centofanti, retrait\u00e9e,<\/strong><\/li>\n\n\n\n<li><strong>Pascal Boulesteix, <\/strong><\/li>\n\n\n\n<li><strong>Fr\u00e9d\u00e9rique Hugues, retrait\u00e9e,<\/strong><\/li>\n\n\n\n<li><strong>Agn\u00e8s Volta,<\/strong><\/li>\n\n\n\n<li><strong>Catherine Uthurralt, citoyenne,<\/strong><\/li>\n\n\n\n<li><strong>Elodie Boursier, <\/strong><\/li>\n\n\n\n<li><strong>Didier Boussant,<\/strong><\/li>\n\n\n\n<li><strong>Patrick Villin,<\/strong><\/li>\n\n\n\n<li><strong>Michel Rouault, retrait\u00e9,<\/strong><\/li>\n\n\n\n<li><strong>Gurvane Wellebrouck, rofesseur Docteur \u00e8s Lettres Classiques, <\/strong><\/li>\n\n\n\n<li><strong>Pascale Raynal, RESF,<\/strong><\/li>\n\n\n\n<li><strong>Elsa Velten,<\/strong><\/li>\n\n\n\n<li><strong>Gilbert Viale, retrait\u00e9,<\/strong><\/li>\n\n\n\n<li><strong>Fr\u00e9d\u00e9rique F\u00e9raud,<\/strong><\/li>\n\n\n\n<li><strong>Jean-Charles Witz, retrait\u00e9,<\/strong><\/li>\n\n\n\n<li><strong>Josiane Gat,<\/strong><\/li>\n\n\n\n<li><strong>Jean Gascuel,<\/strong><\/li>\n\n\n\n<li><strong>Marc Aubergy,<\/strong><\/li>\n\n\n\n<li><strong>Henry Zadjian, retrait\u00e9,<\/strong><\/li>\n\n\n\n<li><strong>Brigitte Peraldi-Grimaldi, enseignante \u00e0 la retraite,<\/strong><\/li>\n\n\n\n<li><strong>Patrick Grimaldi, conseiller municipal istres \/ conseiller m\u00e9tropolitain AMP , membre de la GRS,<\/strong><\/li>\n\n\n\n<li><strong>Pierre Gaudin, <\/strong><\/li>\n\n\n\n<li><strong>Marie-Fran\u00e7oise Palloix, ancienne \u00e9lue municipale \u00e0 Marseille et Conseill\u00e8re R\u00e9gionale PACA SUD,<\/strong><\/li>\n\n\n\n<li><strong>Michel Batifoille, retrait\u00e9,<\/strong><\/li>\n\n\n\n<li><strong>Catherine Potvin, citoyenne,<\/strong><\/li>\n\n\n\n<li><strong>Herv\u00e9 Lannoy-Resse, citoyen,<\/strong><\/li>\n\n\n\n<li><strong>Francis Delon, Charg\u00e9 d&rsquo;\u00e9tudes doumentaires principal, <\/strong><\/li>\n\n\n\n<li><strong>Michel Rondeau,<\/strong><\/li>\n\n\n\n<li><strong>Jean-Marc Bonnafon, retrait\u00e9,<\/strong><\/li>\n\n\n\n<li><strong>G\u00e9rard Pellois, <\/strong><\/li>\n\n\n\n<li><strong>Bernard Bernex, m\u00e9decin retrait\u00e9,<\/strong><\/li>\n\n\n\n<li><strong>Annick Hyvon,<\/strong><\/li>\n\n\n\n<li><strong>Pascal Robert, retrait\u00e9,<\/strong><\/li>\n\n\n\n<li><strong>Brigitte Bernex, 1\u00e8re adjointe au maire de Sevran,<\/strong><\/li>\n\n\n\n<li><strong>Pierre Cabotte, retrait\u00e9,<\/strong><\/li>\n\n\n\n<li><strong>Zo\u00e9 Hagel,<\/strong><\/li>\n\n\n\n<li><strong>Patrick Barone, retrait\u00e9,<\/strong><\/li>\n\n\n\n<li><strong>Thibault Fleury, Enseignant de lettres\/Histoire-Geographie,<\/strong><\/li>\n\n\n\n<li><strong>Michel Giacomazzi, retrait\u00e9,<\/strong><\/li>\n\n\n\n<li><strong>Mikael Minassian, musicien,<\/strong><\/li>\n\n\n\n<li><strong>Nelly Aslan, assistante maternelle,<\/strong><\/li>\n\n\n\n<li><strong>Gwendoline Aslan, avocate,<\/strong><\/li>\n\n\n\n<li><strong>Mireille Bernex,<\/strong><\/li>\n\n\n\n<li><strong>C\u00e9cile Quantin, professeure d&rsquo;universit\u00e9,<\/strong><\/li>\n\n\n\n<li><strong>Caroline Maire, monteuse,<\/strong><\/li>\n\n\n\n<li><strong>Dominique Daffos,<\/strong><\/li>\n\n\n\n<li><strong>Bruno Beziade, Conseiller d\u00e9partemental EELV Gironde,<\/strong><\/li>\n\n\n\n<li><strong>Jean-Claude Sommaire, fonctionnaire retrait\u00e9,<\/strong><\/li>\n\n\n\n<li><strong>Fran\u00e7ois Mercier, citoyen,<\/strong><\/li>\n\n\n\n<li><strong>Eveline Duvauchelle, retrait\u00e9e,<\/strong><\/li>\n\n\n\n<li><strong>Christian Pohren,<\/strong><\/li>\n\n\n\n<li><strong>Marianne Kazarian,<\/strong><\/li>\n\n\n\n<li><strong>William Manoukian, soignant,<\/strong><\/li>\n\n\n\n<li><strong>Issartel Pascale, conservatrice g\u00e9n\u00e9rale des biblioth\u00e8ques,<\/strong><\/li>\n\n\n\n<li><strong>Alain Agostini, militant de l&rsquo;\u00e9ducation populaire,<\/strong><\/li>\n\n\n\n<li><strong>Daniel Grason, auteur de notices du dictionnaire Maitron,<\/strong><\/li>\n\n\n\n<li><strong>Odette Kazarian,<\/strong><\/li>\n\n\n\n<li><strong>Lucie Kazarian,<\/strong><\/li>\n\n\n\n<li><strong>Yves Avigdor, documentaliste archiviste,<\/strong><\/li>\n\n\n\n<li><strong>Raphaelle Richard,<\/strong><\/li>\n\n\n\n<li><strong>Martine Trouche,<\/strong><\/li>\n\n\n\n<li><strong>Jean-Paul Lamy, citoyen,<\/strong><\/li>\n\n\n\n<li><strong>Jean Azarel, \u00e9crivain,<\/strong><\/li>\n\n\n\n<li><strong>St\u00e9phane Corcos, dirigeant d&rsquo;entreprise,<\/strong><\/li>\n\n\n\n<li><strong>Christian Savary, professeur d&rsquo;Histoire,<\/strong><\/li>\n\n\n\n<li><strong>Emmanuel Quemener, Pr\u00e9sident de l&rsquo;association Franco-Arm\u00e9nienne d&rsquo;Angers,<\/strong><\/li>\n\n\n\n<li><strong>Serge Tachdjian, directeur de la s\u00e9curit\u00e9 du REAF,<\/strong><\/li>\n\n\n\n<li><strong>Patrick Broux, citoyen,<\/strong><\/li>\n\n\n\n<li><strong>Antoine Gariel, Directeur du Th\u00e9\u00e2tre de Gascogne et du festival Yeraz,<\/strong><\/li>\n\n\n\n<li><strong>Jean Guillard, \u00e9lu municipal, <\/strong><\/li>\n\n\n\n<li><strong>Georges Guiragossian,<\/strong><\/li>\n\n\n\n<li><strong>Jean-Claude Obis,<\/strong><\/li>\n\n\n\n<li><strong>Maryse Phelippeau, juriste,<\/strong><\/li>\n\n\n\n<li><strong>Isabelle Lambalot, citoyenne,<\/strong><\/li>\n\n\n\n<li><strong>Chake Guiragossian, retrait\u00e9e,<\/strong><\/li>\n\n\n\n<li><strong>G\u00e9rard Guiragossian, responsable achats BTP,<\/strong><\/li>\n\n\n\n<li><strong>M\u00e9lin\u00e9e Kazarian,<\/strong><\/li>\n\n\n\n<li><strong>Clara Bendjoua, ing\u00e9nieur,<\/strong><\/li>\n\n\n\n<li><strong>Herv\u00e9 M\u00e9teyer,<\/strong><\/li>\n\n\n\n<li><strong>Emmanuelle Friedmann, autrice,<\/strong><\/li>\n\n\n\n<li><strong>Maryvonne Braunschweig,<\/strong><\/li>\n\n\n\n<li><strong>Fran\u00e7oise Mattossi, retrait\u00e9e, petite-fille de r\u00e9sistant immigr\u00e9,<\/strong><\/li>\n\n\n\n<li><strong>Luc Rousseau, sc\u00e9nographe,<\/strong><\/li>\n\n\n\n<li><strong>Alain Gayster, photographe,<\/strong><\/li>\n\n\n\n<li><strong>Hadrien Courtemanche, professeur de Lettres modernes,<\/strong><\/li>\n\n\n\n<li><strong>St\u00e9phane Shayevitz, artiste plasticien,<\/strong><\/li>\n\n\n\n<li><strong>Hagop Aynedjian,<\/strong><\/li>\n\n\n\n<li><strong>Jean-Marie Bettinelli,<\/strong><\/li>\n\n\n\n<li><strong>Anne Le Strat,<\/strong><\/li>\n\n\n\n<li><strong>Simone Blanc,<\/strong><\/li>\n\n\n\n<li><strong>Georges Vayrou, Agent comptable d&rsquo;universit\u00e9 honoraire,<\/strong><\/li>\n\n\n\n<li><strong>Augustin Domange,<\/strong><\/li>\n\n\n\n<li><strong>Caroline Feldman, citoyenne,<\/strong><\/li>\n\n\n\n<li><strong>Mohammed Malki, retrait\u00e9,<\/strong><\/li>\n\n\n\n<li><strong>Anne-Marie Lavagne, traductrice,<\/strong><\/li>\n\n\n\n<li><strong>Guillaume de Courcy, citoyen et imprimeur,<\/strong><\/li>\n\n\n\n<li><strong>Carine Picard-Niles, secr\u00e9taire g\u00e9n\u00e9rale Amicale Ch\u00e2teaubriant Voves Rouill\u00e9 Aincourt<\/strong><\/li>\n\n\n\n<li><strong>Monique Le Roux,<\/strong><\/li>\n\n\n\n<li><strong>Pedro Soler, musicien,<\/strong><\/li>\n\n\n\n<li><strong>Madeleine Claus, musicienne,<\/strong><\/li>\n\n\n\n<li><strong>Serge Ohanessian, musicien,<\/strong><\/li>\n\n\n\n<li><strong>Mathieu Madesclaire, \u00e9tudiant,<\/strong><\/li>\n\n\n\n<li><strong>Christophe Lessault, paysagiste,<\/strong><\/li>\n\n\n\n<li><strong>Galina Elbaz, avocate,<\/strong><\/li>\n\n\n\n<li><strong>Justine Lef\u00e8vre, \u00e9tudiante en Histoire,<\/strong><\/li>\n\n\n\n<li><strong>Marie-Jo\u00eblle Izard-Villalon,<\/strong><\/li>\n\n\n\n<li><strong>Yannick Villalon,<\/strong><\/li>\n\n\n\n<li><strong>Xavier Gautier, magazinier,<\/strong><\/li>\n\n\n\n<li><strong>Genevi\u00e8ve Beziers, accompagnant m\u00e9dico-social,<\/strong><\/li>\n\n\n\n<li><strong>H\u00e9l\u00e8ne Peytavi,<\/strong><\/li>\n\n\n\n<li><strong>G\u00e9rard Druguet,<\/strong><\/li>\n\n\n\n<li><strong>Claudie Bassi-Lederman,<\/strong><\/li>\n\n\n\n<li><strong>Jean-Luc B\u00e9guine, <\/strong><\/li>\n\n\n\n<li><strong>Mathieu Brocard, professeur,<\/strong><\/li>\n\n\n\n<li><strong>Laurent Pommier,<\/strong><\/li>\n\n\n\n<li><strong>Sempat Chahinian, retrait\u00e9,<\/strong><\/li>\n\n\n\n<li><strong>Claude Boucher, membre du Bureau d&rsquo;Unit\u00e9 La\u00efque,<\/strong><\/li>\n\n\n\n<li><strong>Marc Soubeyrand,<\/strong><\/li>\n\n\n\n<li><strong>Christiane Rogero-Pertinax,<\/strong><\/li>\n\n\n\n<li><strong>Jacques Lamy,<\/strong><\/li>\n\n\n\n<li><strong>Martine Gouriet, maire adjoint de Ch\u00e2tillon (92),<\/strong><\/li>\n\n\n\n<li><strong>Anne Dury,<\/strong><\/li>\n\n\n\n<li><strong>Marie-Claude Gorce, m\u00e9decin,<\/strong><\/li>\n\n\n\n<li><strong>Astid Bonnet,<\/strong><\/li>\n\n\n\n<li><strong>Marie-Laure Pelosse, administrateur,<\/strong><\/li>\n\n\n\n<li><strong>Danielle Grainaut-Magallon,<\/strong><\/li>\n\n\n\n<li><strong>Pierre Demkoff,<\/strong><\/li>\n\n\n\n<li><strong>Herv\u00e9 Charvot,<\/strong><\/li>\n\n\n\n<li><strong>Christophe Haser, administrateur de l&rsquo;UFAL<\/strong><\/li>\n\n\n\n<li><strong>Michel Chapeau, retrait\u00e9,<\/strong><\/li>\n\n\n\n<li><strong>Yannick Guibert,<\/strong><\/li>\n\n\n\n<li><strong>Nathalie Dubosquelle,<\/strong><\/li>\n\n\n\n<li><strong>Laurence Kahn, journaliste,<\/strong><\/li>\n\n\n\n<li><strong>Didier Molines, retrait\u00e9,<\/strong><\/li>\n\n\n\n<li><strong>Christine Loubet, retrait\u00e9e,<\/strong><\/li>\n\n\n\n<li><strong>Didier Renaud, retrait\u00e9,<\/strong><\/li>\n\n\n\n<li><strong>Christian Degand, retrait\u00e9,<\/strong><\/li>\n\n\n\n<li><strong>Jacqueline Fernand-Detrie, conseill\u00e8re municipale,<\/strong><\/li>\n\n\n\n<li><strong>Anahid Franusic,<\/strong><\/li>\n\n\n\n<li><strong>J\u00e9r\u00f4me Bensoussan, musicien,<\/strong><\/li>\n\n\n\n<li><strong>William Ponseau, retrait\u00e9,<\/strong><\/li>\n\n\n\n<li><strong>Marie-Laure Simon, citoyenne,<\/strong><\/li>\n\n\n\n<li><strong>G\u00e9rard Delbert, retrait\u00e9, <\/strong><\/li>\n\n\n\n<li><strong>Jacques Limouzin, IA-IPR honoraire,<\/strong><\/li>\n\n\n\n<li><strong>Graziella Roussel,<\/strong><\/li>\n\n\n\n<li><strong>Tristan Klein, fonctionnaire,<\/strong><\/li>\n\n\n\n<li><strong>Catherine Bruyant,<\/strong><\/li>\n\n\n\n<li><strong>Huguette Cuisy, association AFMD,<\/strong><\/li>\n\n\n\n<li><strong>Francis Devrainne,<\/strong><\/li>\n\n\n\n<li><strong>Alain Gicquiaux, retrait\u00e9,<\/strong><\/li>\n\n\n\n<li><strong>Jean-Pierre Roche,<\/strong><\/li>\n\n\n\n<li><strong>Virginie Houadec,<\/strong><\/li>\n\n\n\n<li><strong>Marie-Claude Mousseux,<\/strong><\/li>\n\n\n\n<li><strong>Johanna Henrion-Latch\u00e9, attach\u00e9e d&rsquo;enseignement et de recherche,<\/strong><\/li>\n\n\n\n<li><strong>Fr\u00e9d\u00e9ric Delarue, docteur en Histoire,<\/strong><\/li>\n\n\n\n<li><strong>Anne Angles, professeur agr\u00e9g\u00e9 d&rsquo;Histoire,<\/strong><\/li>\n\n\n\n<li><strong>Maria Perez-Creus, retrait\u00e9e,<\/strong><\/li>\n\n\n\n<li><strong>Fr\u00e9d\u00e9ric Paletou, enseignant-chercheur,<\/strong><\/li>\n\n\n\n<li><strong>Youssouf Maina, consultant digital,<\/strong><\/li>\n\n\n\n<li><strong>Lionel Cruso\u00e9, avocat,<\/strong><\/li>\n\n\n\n<li><strong>Daphn\u00e9 Chancelier,<\/strong><\/li>\n\n\n\n<li><strong>Xavier-Marie Bonnet, \u00e9crivain, r\u00e9alisateur,<\/strong><\/li>\n\n\n\n<li><strong>Jean-Paul Stef, communiste,<\/strong><\/li>\n\n\n\n<li><strong>Nathalie Raoux, historienne,<\/strong><\/li>\n\n\n\n<li><strong>Vanessa Fuks, Dr v\u00e9t\u00e9rinaire,<\/strong><\/li>\n\n\n\n<li><strong>Bernard Hagopian,<\/strong><\/li>\n\n\n\n<li><strong>Yannick Mazevet, militant communiste,<\/strong><\/li>\n\n\n\n<li><strong>Chantal Andr\u00e9,<\/strong><\/li>\n\n\n\n<li><strong>Marie-Lise Fayet,<\/strong><\/li>\n\n\n\n<li><strong>Monique Moreau, retrait\u00e9e,<\/strong><\/li>\n\n\n\n<li><strong>Virginie Montalescot,<\/strong><\/li>\n\n\n\n<li><strong>Christiane Charmasson, psychiatre et psychanalyste,<\/strong><\/li>\n\n\n\n<li><strong>Gilles St\u00e9phan, retrait\u00e9,<\/strong><\/li>\n\n\n\n<li><strong>B\u00e9n\u00e9dicte Villain, violoniste,<\/strong><\/li>\n\n\n\n<li><strong>Sophie Boir\u00e9,<\/strong><\/li>\n\n\n\n<li><strong>Davy Branger, citoyen,<\/strong><\/li>\n\n\n\n<li><strong>Simon Louvet, journaliste,<\/strong><\/li>\n\n\n\n<li><strong>Jean-Philippe Daniel,<\/strong><\/li>\n\n\n\n<li><strong>Patrick Alexanian, fonctionnaire europ\u00e9en,<\/strong><\/li>\n\n\n\n<li><strong>Ren\u00e9 Riou, artiste,<\/strong><\/li>\n\n\n\n<li><strong>St\u00e9phane Mouradian,<\/strong><\/li>\n\n\n\n<li><strong>Catherine Laurent, journaliste,<\/strong><\/li>\n\n\n\n<li><strong>Daniel Sellier, ancien adjoint au maire de Douai,<\/strong><\/li>\n\n\n\n<li><strong>Lucas Savy, chef de cabinet de la maire du 14e arrondissement de Paris,<\/strong><\/li>\n\n\n\n<li><strong>Manu Braganca, enseignant,<\/strong><\/li>\n\n\n\n<li><strong>Nadine Moreau,retrait\u00e9e,<\/strong><\/li>\n\n\n\n<li><strong>Laurent Macaire, secr\u00e9taire de r\u00e9daction,<\/strong><\/li>\n\n\n\n<li><strong>Gil Taieb, chirurgien-dentiste,<\/strong><\/li>\n\n\n\n<li><strong>St\u00e9phane Martinet, citoyen,<\/strong><\/li>\n\n\n\n<li><strong>R\u00e9mi Cl\u00e9ment, journaliste,<\/strong><\/li>\n\n\n\n<li><strong>Laurent Nimeskern,<\/strong><\/li>\n\n\n\n<li><strong>Michel Strulovici, journaliste,<\/strong><\/li>\n\n\n\n<li><strong>Jean-Jacques Kiladjian, professeur de m\u00e9decine,<\/strong><\/li>\n\n\n\n<li><strong>Dominique Isra\u00ebl-Biet,<\/strong><\/li>\n\n\n\n<li><strong>Guillaume Agullo, fonctionnaire territorial,<\/strong><\/li>\n\n\n\n<li><strong>Carine Klein, ing\u00e9nieur CNRS,<\/strong><\/li>\n\n\n\n<li><strong>Jacques hagopian, principal de coll\u00e8ge,<\/strong><\/li>\n\n\n\n<li><strong>Vincent Monterrin,<\/strong><\/li>\n\n\n\n<li><strong>C\u00e9cile Fillaud-Le Mapihan,<\/strong><\/li>\n\n\n\n<li><strong>Fred Kleinberg, artiste peintre,<\/strong><\/li>\n\n\n\n<li><strong>Maxime Guillauma,<\/strong><\/li>\n\n\n\n<li><strong>Isabelle Jouy,<\/strong><\/li>\n\n\n\n<li><strong>Georges Parrenin,<\/strong><\/li>\n\n\n\n<li><strong>Bernard Morat,<\/strong><\/li>\n\n\n\n<li><strong>Jean-Patrice Nebout,<\/strong><\/li>\n\n\n\n<li><strong>Marc Senant,<\/strong><\/li>\n\n\n\n<li><strong>Bernard Roux,<\/strong><\/li>\n\n\n\n<li><strong>C\u00e9dric Punset,<\/strong><\/li>\n\n\n\n<li><strong>Clara Milhaud,<\/strong><\/li>\n\n\n\n<li><strong>Michel Gu\u00e9neau,<\/strong><\/li>\n\n\n\n<li><strong>Hubert Rigaud,<\/strong><\/li>\n\n\n\n<li><strong>Serge Luslac,<\/strong><\/li>\n\n\n\n<li><strong>Eric Bassement,<\/strong><\/li>\n\n\n\n<li><strong>Philippe Minier,<\/strong><\/li>\n\n\n\n<li><strong>Alain Fontaine, adjoint au maire de Noisiel (77)<\/strong><\/li>\n\n\n\n<li><strong>Alain Boutet,<\/strong><\/li>\n\n\n\n<li><strong>Lucien Tauzia,<\/strong><\/li>\n\n\n\n<li><strong>Katell Paillart-Tourneur,<\/strong><\/li>\n\n\n\n<li><strong>Bernard Sandier,<\/strong><\/li>\n\n\n\n<li><strong>Edmond Khayadjian,<\/strong><\/li>\n\n\n\n<li><strong>Pascal Aubertin,<\/strong><\/li>\n\n\n\n<li><strong>Muriel Brandazzi,<\/strong><\/li>\n\n\n\n<li><strong>Olivier Munoz,<\/strong><\/li>\n\n\n\n<li><strong>Olivier Valmary,<\/strong><\/li>\n\n\n\n<li><strong>St\u00e9phane Papanian, \u00e9crivain et sc\u00e9nariste,<\/strong><\/li>\n\n\n\n<li><strong>Bernard Marchand,Olivier Bilan,<\/strong><\/li>\n\n\n\n<li><strong>Maryl\u00e8ne Coeur-Joly,<\/strong><\/li>\n\n\n\n<li><strong>Anne Salou,<\/strong><\/li>\n\n\n\n<li><strong>Chlo\u00e9 Radiguet, auteur,<\/strong><\/li>\n\n\n\n<li><strong>Catherine Ravet, musicologue,<\/strong><\/li>\n\n\n\n<li><strong>Fran\u00e7ois Vidal,<\/strong><\/li>\n\n\n\n<li><strong>Juliette Barrial,<\/strong><\/li>\n\n\n\n<li><strong>Danielle Perrochet,<\/strong><\/li>\n\n\n\n<li><strong>Patrick Grocq,<\/strong><\/li>\n\n\n\n<li><strong>Bernard Gast\u00e9, secr\u00e9taire de l&rsquo;association Rail et m\u00e9moire,<\/strong><\/li>\n\n\n\n<li><strong>Morgan Lefeuvre, historienne du cin\u00e9ma,<\/strong><\/li>\n\n\n\n<li><strong>V\u00e9ronique Bruna,<\/strong><\/li>\n\n\n\n<li><strong>Michel Zalberg, fils de FTP-MOI,<\/strong><\/li>\n\n\n\n<li><strong>Aubin Verilhac, militant politique dans la Dr\u00f4me<\/strong><\/li>\n\n\n\n<li><strong>Thet Motou,<\/strong><\/li>\n\n\n\n<li><strong>Michel Labarre,<\/strong><\/li>\n\n\n\n<li><strong>Carlos Semedo,<\/strong><\/li>\n\n\n\n<li><strong>Hocine Tandjaoui, \u00e9crivain<\/strong><\/li>\n<\/ul>\n\n\n\n<ul class=\"wp-block-list\">\n<li><strong>Stanislav Demidjuk, militant de gauche depuis 70 ans et toujours,<\/strong><\/li>\n\n\n\n<li><strong>Olga Mercadal, retrait\u00e9e de l\u2019\u00c9ducation nationale,<\/strong><\/li>\n\n\n\n<li><strong>Cathy Bousquet, retrait\u00e9e,<\/strong><\/li>\n\n\n\n<li><strong>Colette Parent, militante associative,<\/strong><\/li>\n\n\n\n<li><strong>Jean-Fran\u00e7ois Lataste,<\/strong><\/li>\n\n\n\n<li><strong>Nadine Pons, retrait\u00e9e,<\/strong><\/li>\n\n\n\n<li><strong>Daniel Ponsard, randonneur,<\/strong><\/li>\n\n\n\n<li><strong>Odile Ducros, retrait\u00e9e,<\/strong><\/li>\n\n\n\n<li><strong>Lydie Thiebeaux, adh\u00e9rente du MRAP,<\/strong><\/li>\n\n\n\n<li><strong>Dominique Bondu,<\/strong><\/li>\n\n\n\n<li><strong>Alicia Ballestero, enseignante,<\/strong><\/li>\n\n\n\n<li><strong>Jo\u00ebl Robert, retrait\u00e9,<\/strong><\/li>\n\n\n\n<li><strong>Patrice Alliot, militant du MRAP,<\/strong><\/li>\n\n\n\n<li><strong>Mich\u00e8le Von Moos,<\/strong><\/li>\n\n\n\n<li><strong>Jacqueline Saint-Jours, citoyenne,<\/strong><\/li>\n\n\n\n<li><strong>Fr\u00e9d\u00e9ric Charles, militant du Mrap, du PCF, animateur demandeur d&#8217;emploi,<\/strong><\/li>\n\n\n\n<li><strong>Monique Joubert, retrait\u00e9e,<\/strong><\/li>\n\n\n\n<li><strong>Anne Rochette, artiste, enseignante,<\/strong><\/li>\n\n\n\n<li><strong>Jean-Christophe Kroll, enseignant retrait\u00e9,<\/strong><\/li>\n\n\n\n<li><strong>Paul Hermet, citoyen,<\/strong><\/li>\n\n\n\n<li><strong>Paul Reynier, militant du MRAP,<\/strong><\/li>\n\n\n\n<li><strong>Vincenzo Celiberti, pr\u00e9historien,<\/strong><\/li>\n\n\n\n<li><strong>Andr\u00e9 Verbeke, retrait\u00e9,<\/strong><\/li>\n\n\n\n<li><strong>Pierre Cauet, syndicaliste CGT,<\/strong><\/li>\n\n\n\n<li><strong>Joan Schofield-Melon, membre de RESF 81 Castres et du MRAP,<\/strong><\/li>\n\n\n\n<li><strong>Christian Melon, pr\u00e9sident du comit\u00e9 local du M.R.AP.de Castres,<\/strong><\/li>\n\n\n\n<li><strong>Claudine Gau, fille de r\u00e9sistants,<\/strong><\/li>\n\n\n\n<li><strong>Chantal Pitard, militante du MRAP,<\/strong><\/li>\n\n\n\n<li><strong>Josette Perin, retrait\u00e9e,<\/strong><\/li>\n\n\n\n<li><strong>Chantal Pitard, militante du MRAP,<\/strong><\/li>\n\n\n\n<li><strong>Mich\u00e8le Sarrabeyrouse, retrait\u00e9e,<\/strong><\/li>\n\n\n\n<li><strong>Claude Matz,<\/strong><\/li>\n\n\n\n<li><strong>V\u00e9ronique Mentzel-Freund, retrait\u00e9e,<\/strong><\/li>\n\n\n\n<li><strong>Andr\u00e9 Lamour\u00e8re,<\/strong><\/li>\n\n\n\n<li><strong>Annie-France Souesme,<\/strong><\/li>\n\n\n\n<li><strong>Monique Abdennour-Pfiffer,<\/strong><\/li>\n\n\n\n<li><strong>Evelyne Guislin, retrait\u00e9e,<\/strong><\/li>\n\n\n\n<li><strong>Monique Longuenesse, retrait\u00e9e,<\/strong><\/li>\n\n\n\n<li><strong>Marie-Th\u00e9r\u00e8se Omouri,<\/strong><\/li>\n\n\n\n<li><strong>Jean-Louis Demay, cadre retrait\u00e9,<\/strong><\/li>\n\n\n\n<li><strong>Annie Henry, membre du MRAP,<\/strong><\/li>\n\n\n\n<li><strong>Pierre Sylvain, retrait\u00e9,<\/strong><\/li>\n\n\n\n<li><strong>Madeleine Gaud\u00e9, enseignante retrait\u00e9e,<\/strong><\/li>\n\n\n\n<li><strong>Alain Chiappini, fils de r\u00e9sistant,<\/strong><\/li>\n\n\n\n<li><strong>G\u00e9rard Chandesris, retrait\u00e9,<\/strong><\/li>\n\n\n\n<li><strong>Johny Bessy,<\/strong><\/li>\n\n\n\n<li><strong>Rachel Guinamant, enseignante,<\/strong><\/li>\n\n\n\n<li><strong>Dupuy Edith, antiraciste,<\/strong><\/li>\n\n\n\n<li><strong>Alain Poussineau, retrait\u00e9 de la Poste,<\/strong><\/li>\n\n\n\n<li><strong>B\u00e9atrice Rougy,<\/strong><\/li>\n\n\n\n<li><strong>Dominique Marchesseau,<\/strong><\/li>\n\n\n\n<li><strong>Claire Lataste,<\/strong><\/li>\n\n\n\n<li><strong>Mich\u00e8le Bertier, retrait\u00e9e,<\/strong><\/li>\n\n\n\n<li><strong>Annick Baron, retrait\u00e9e,<\/strong><\/li>\n\n\n\n<li><strong>Jacques-Louise Aboucaya,<\/strong><\/li>\n\n\n\n<li><strong>Catherine Ballestero, retrait\u00e9e de l\u2019enseignement,<\/strong><\/li>\n\n\n\n<li><strong>Jacques Terzian, retrait\u00e9,<\/strong><\/li>\n\n\n\n<li><strong>Ren\u00e9 Pommaret,<\/strong><\/li>\n\n\n\n<li><strong>Bernard Mugnier, militant antiraciste,<\/strong><\/li>\n\n\n\n<li><strong>Odile Clemente, retrait\u00e9e de l\u2019enseignement,<\/strong><\/li>\n\n\n\n<li><strong>Daniel Jamgotchian, chef d\u2019entreprise,<\/strong><\/li>\n\n\n\n<li><strong>Anna Zajac, conseill\u00e8re municipale communiste,<\/strong><\/li>\n\n\n\n<li><strong>Malika Lamri,<\/strong><\/li>\n\n\n\n<li><strong>Catherine Delatte-Almeras, com\u00e9dienne,<\/strong><\/li>\n\n\n\n<li><strong>Mich\u00e8le Fougeron, professeur retrait\u00e9e,<\/strong><\/li>\n\n\n\n<li><strong>Noelle Digan,<\/strong><\/li>\n\n\n\n<li><strong>Solange Joly,<\/strong><\/li>\n\n\n\n<li><strong>Fran\u00e7oise Fenigchtein, retrait\u00e9e,<\/strong><\/li>\n\n\n\n<li><strong>Michel Boudra, adh\u00e9rent du MRAP,<\/strong><\/li>\n\n\n\n<li><strong>Martine Jamgotchian, citoyenne,<\/strong><\/li>\n\n\n\n<li><strong>Armand Clavel, retrait\u00e9 de l\u2019Education nationale,<\/strong><\/li>\n\n\n\n<li><strong>Sylvia Martinez, militante du MRAP Paris,<\/strong><\/li>\n\n\n\n<li><strong>Robert Gaud\u00e9,<\/strong><\/li>\n\n\n\n<li><strong>Annie Charton,<\/strong><\/li>\n\n\n\n<li><strong>Serge Charton,<\/strong><\/li>\n\n\n\n<li><strong>Jacques Bodin, retrait\u00e9,<\/strong><\/li>\n\n\n\n<li><strong>Henriette Morand, retrait\u00e9e,<\/strong><\/li>\n\n\n\n<li><strong>Jean-Pierre Courseille,<\/strong><\/li>\n\n\n\n<li><strong>Jean Peetson, ing\u00e9nieur urbaniste retrait\u00e9,<\/strong><\/li>\n\n\n\n<li><strong>Claude Rossignol, retrait\u00e9,<\/strong><\/li>\n\n\n\n<li><strong>Chlo\u00e9 Maurel, historienne, membre du comit\u00e9 d&rsquo;honneur du MRAP,<\/strong><\/li>\n\n\n\n<li><strong>Annie Bouhours,<\/strong><\/li>\n\n\n\n<li><strong>Maryse Trinques, retrait\u00e9e de l\u2019enseignement,<\/strong><\/li>\n\n\n\n<li><strong>Thierry Dieudonn\u00e9, adh\u00e9rent du MRAP,<\/strong><\/li>\n\n\n\n<li><strong>Daniel Salhorgne, responsable associatif,<\/strong><\/li>\n\n\n\n<li><strong>Alain Huertas, d\u00e9fenseur des droits de l\u2019Homme,<\/strong><\/li>\n\n\n\n<li><strong>Daniel Praun retrait\u00e9 de la SNCF,<\/strong><\/li>\n\n\n\n<li><strong>Anne-Marie Kazourian, responsable associatif,<\/strong><\/li>\n\n\n\n<li><strong>Sylvain Goldstein,<\/strong><\/li>\n\n\n\n<li><strong>Louisette Fareniaux, enseignante universitaire honoraire,<\/strong><\/li>\n\n\n\n<li><strong>Elisabeth Crusson, militante mrap,<\/strong><\/li>\n\n\n\n<li><strong>Richard Neuville, militant de l&rsquo;autogestion, syndicaliste,<\/strong><\/li>\n\n\n\n<li><strong>Gilles Thellier, citoyen,<\/strong><\/li>\n\n\n\n<li><strong>G\u00e9rard Couchoud,<\/strong><\/li>\n\n\n\n<li><strong>Christine Helot,<\/strong><\/li>\n\n\n\n<li><strong>Fran\u00e7ois Salhorgne, ing\u00e9nieur,<\/strong><\/li>\n\n\n\n<li><strong>Isabelle Questel, demandeuse d&#8217;emploi,<\/strong><\/li>\n\n\n\n<li><strong>Josette Couchoud,<\/strong><\/li>\n\n\n\n<li><strong>Manuel Garcia, retrait\u00e9,<\/strong><\/li>\n\n\n\n<li><strong>Alain Arnaudet, adh\u00e9rent au MRAP,<\/strong><\/li>\n\n\n\n<li><strong>Christine Truchot-Dessolle, adh\u00e9rente au MRAP,<\/strong><\/li>\n\n\n\n<li><strong>Andr\u00e9 Rousseau,<\/strong><\/li>\n\n\n\n<li><strong>Maria Lavigne, retrait\u00e9e,<\/strong><\/li>\n\n\n\n<li><strong>Dominique Gouttebelle, retrait\u00e9e,<\/strong><\/li>\n\n\n\n<li><strong>Michel L\u00e9on,<\/strong><\/li>\n\n\n\n<li><strong>Marie-H\u00e9l\u00e8ne Hiver,<\/strong><\/li>\n\n\n\n<li><strong>Paul Barr\u00e9, adh\u00e9rent au MRAP,<\/strong><\/li>\n\n\n\n<li><strong>Fran\u00e7oise Le Floch,<\/strong><\/li>\n\n\n\n<li><strong>Yves Loriette, retrait\u00e9,<\/strong><\/li>\n\n\n\n<li><strong>Georges Jullia, retrait\u00e9,<\/strong><\/li>\n\n\n\n<li><strong>Zahia Oumakhlouf, Membre du Conseil national du MRAP,<\/strong><\/li>\n\n\n\n<li><strong>Marie-Th\u00e9r\u00e8se Mort, citoyenne,<\/strong><\/li>\n\n\n\n<li><strong>Claude Tour\u00e9, retrait\u00e9e,<\/strong><\/li>\n\n\n\n<li><strong>Michel Korzec, musicien,<\/strong><\/li>\n\n\n\n<li><strong>Fran\u00e7ois Hau,<\/strong><\/li>\n\n\n\n<li><strong>R\u00e9mi Bouriaud, retrait\u00e9,<\/strong><\/li>\n\n\n\n<li><strong>Michel Ouaknine, ing\u00e9nieur semi-conducteurs,<\/strong><\/li>\n\n\n\n<li><strong>Josette Jourdan, militante des droits humains,<\/strong><\/li>\n\n\n\n<li><strong>Simone Vermot,<\/strong><\/li>\n\n\n\n<li><strong>Patrick Mah\u00e9, retrait\u00e9,<\/strong><\/li>\n\n\n\n<li><strong>Jean-Fran\u00e7ois Lucas, enseignant,<\/strong><\/li>\n\n\n\n<li><strong>Marc Alcher, maquettiste retrait\u00e9,<\/strong><\/li>\n\n\n\n<li><strong>Andr\u00e9 Bordeur, militant du MRAP,<\/strong><\/li>\n\n\n\n<li><strong>Mireille Guillou,<\/strong><\/li>\n\n\n\n<li><strong>Jacques Thomas, ancien Conseiller municipal et communautaire de Beaune,<\/strong><\/li>\n\n\n\n<li><strong>Palmyre Burgaleta,<\/strong><\/li>\n\n\n\n<li><strong>Christine Ghiotto,<\/strong><\/li>\n\n\n\n<li><strong>Mich\u00e8le Fougeron, professeure retrait\u00e9e,<\/strong><\/li>\n\n\n\n<li><strong>Nelly Foissac,<\/strong><\/li>\n\n\n\n<li><strong>Anne-Marie Crampes,<\/strong><\/li>\n\n\n\n<li><strong>Roland Foissac, Vice-Pdt honoraire du CG du Tarn,<\/strong><\/li>\n\n\n\n<li><strong>Bernard Ari\u00e8s,<\/strong><\/li>\n\n\n\n<li><strong>J.-M. Leclerc, \u00e9ducateur retrait\u00e9,<\/strong><\/li>\n\n\n\n<li><strong>Lydia Wener, humaniste,<\/strong><\/li>\n\n\n\n<li><strong>Maryse Fournier, retrait\u00e9e de l\u2019EN,<\/strong><\/li>\n\n\n\n<li><strong>Claude Marguerite Mangin, militante associative,<\/strong><\/li>\n\n\n\n<li><strong>Jeannine Giulietti,<\/strong><\/li>\n\n\n\n<li><strong>Anne Feray, membre du Bureau national MRAP,<\/strong><\/li>\n\n\n\n<li><strong>Marie-Pierre Lannoy,<\/strong><\/li>\n\n\n\n<li><strong>Chlo\u00e9 Fernandez,<\/strong><\/li>\n\n\n\n<li><strong>Alexandre Laumont, enseignant,<\/strong><\/li>\n\n\n\n<li><strong>Laurent Lajoinie, journaliste,<\/strong><\/li>\n\n\n\n<li><strong>Pierre Krausz, pr\u00e9sident du comit\u00e9 MRAP 87, professeur honoraire des universit\u00e9s,<\/strong><\/li>\n\n\n\n<li><strong>Patricia Martinez, pr\u00e9sidente du comit\u00e9 MRAP 66,<\/strong><\/li>\n\n\n\n<li><strong>Boualem Zioui, retrait\u00e9,<\/strong><\/li>\n\n\n\n<li><strong>Morgan Poggioli, historien,<\/strong><\/li>\n\n\n\n<li><strong>Alfred Zimmer, membre du Bureau National du MRAP,<\/strong><\/li>\n\n\n\n<li><strong>Francois Sauterey, co-pr\u00e9sident du MRAP,<\/strong><\/li>\n\n\n\n<li><strong>Nina Manteaux-Achikian, militante la\u00efque,<\/strong><\/li>\n\n\n\n<li><strong>Fran\u00e7ois Levent, militant associatif \u00e0 Nantes,<\/strong><\/li>\n\n\n\n<li><strong>Ren\u00e9e Le Mignot, pr\u00e9sidente honoraire du MRAP,<\/strong><\/li>\n\n\n\n<li><strong>Claude Lutz, \u00e9diteur,<\/strong><\/li>\n\n\n\n<li><strong>Samuel Besnard, conseiller d\u00e9partemental du Val-de-Marne,<\/strong><\/li>\n\n\n\n<li><strong>Emmanuel Vigneron, professeur des Universit\u00e9s,<\/strong><\/li>\n\n\n\n<li><strong>Didier Drujon,<\/strong><\/li>\n\n\n\n<li><strong>St\u00e9phane Corcos,<\/strong><\/li>\n\n\n\n<li><strong>Mich\u00e8le Gautard, \u00e9crivaine,<\/strong><\/li>\n\n\n\n<li><strong>Thomas Schmittel, citoyen militant,<\/strong><\/li>\n\n\n\n<li><strong>Georges Rastklan, pr\u00e9sident de Valence Romans Tourisme, adjoint au maire de Valence,<\/strong><\/li>\n\n\n\n<li><strong>Michel Ionascu, r\u00e9alisateur-\u00e9crivain,<\/strong><\/li>\n\n\n\n<li><strong>V\u00e9ronique Decayeux , professeur d&rsquo;histoire-g\u00e9ographie,<\/strong><\/li>\n\n\n\n<li><strong>Bernadette Philips, &nbsp;militante,<\/strong><\/li>\n\n\n\n<li><strong>Bruno Bernard, retrait\u00e9,<\/strong><\/li>\n\n\n\n<li><strong>Anne-Marie Quellier, enseignante,<\/strong><\/li>\n\n\n\n<li><strong>Pierre Bredeau, entrepreneur et conseiller municipal de Valence<\/strong>,<\/li>\n\n\n\n<li><strong>Patrick Broux, citoyen<\/strong>,<\/li>\n\n\n\n<li><strong>Nathalie Iliozer, Conseill\u00e8re D\u00e9partementale Dr\u00f4me\/Adjointe Mairie de Valence,<\/strong><\/li>\n\n\n\n<li><strong>Karine Thomas-Djiriguian, citoyenne,<\/strong><\/li>\n\n\n\n<li><strong>Jeanne B\u00e9drossian, lyc\u00e9enne,<\/strong><\/li>\n\n\n\n<li><strong>Karine Farraire, principale de coll\u00e8ge,<\/strong><\/li>\n\n\n\n<li><strong>Jenny Poirier,<\/strong><\/li>\n\n\n\n<li><strong>Jean Eckian, journaliste, com\u00e9dien,<\/strong><\/li>\n\n\n\n<li><strong>Audrey Galicy,<\/strong><\/li>\n\n\n\n<li><strong>Jeanine Fargier, retrait\u00e9e,<\/strong><\/li>\n\n\n\n<li><strong>Edouard Martorello, mar\u00e9chal-ferrant,<\/strong><\/li>\n\n\n\n<li><strong>Sylvain Theysgeur, ouvrier agricole \/ ancien enseignant Histoire-g\u00e9ographie en lyc\u00e9e professionnel,<\/strong><\/li>\n\n\n\n<li><strong>Christine Ansourian,<\/strong><\/li>\n\n\n\n<li><strong>G\u00e9rard Martayan,<\/strong><\/li>\n\n\n\n<li><strong>Josette Borzakian, retrait\u00e9e,<\/strong><\/li>\n\n\n\n<li><strong>G\u00e9rard D\u00e9d\u00e9yan, retrait\u00e9,<\/strong><\/li>\n\n\n\n<li><strong>Alice Mavian, fille du r\u00e9sistant Mavian Mihran,<\/strong><\/li>\n\n\n\n<li><strong>Edouard Boghossian,<\/strong><\/li>\n\n\n\n<li><strong>B\u00e9atrice Krikorian,<\/strong><\/li>\n\n\n\n<li><strong>Jean-Pierre Kibarian, chirurgien-dentiste retrait\u00e9 et b\u00e9n\u00e9vole,<\/strong><\/li>\n\n\n\n<li><strong>Pascal Jeanne,<\/strong><\/li>\n\n\n\n<li><strong>Samuel Tilbian, militant,<\/strong><\/li>\n\n\n\n<li><strong>Charles Desprez, citoyen,<\/strong><\/li>\n\n\n\n<li><strong>Jacques Hagopian, retrait\u00e9,<\/strong><\/li>\n\n\n\n<li><strong>Odette Eutudjian, retrait\u00e9e,<\/strong><\/li>\n\n\n\n<li><strong>Movses Nissanian, m\u00e9decin,<\/strong><\/li>\n\n\n\n<li><strong>Pascal Langlois, ing\u00e9nieur, fils de r\u00e9sistant,<\/strong><\/li>\n\n\n\n<li><strong>Raffi Nissanian, m\u00e9decin,<\/strong><\/li>\n\n\n\n<li><strong>Missak Bedrossian,<\/strong><\/li>\n\n\n\n<li><strong>Mathieu Bedrossian,<\/strong><\/li>\n\n\n\n<li><strong>Denis Colongo,<\/strong><\/li>\n\n\n\n<li><strong>Yann Crombecque,<\/strong><\/li>\n\n\n\n<li><strong>Michel Chevreau-Miguras,<\/strong><\/li>\n\n\n\n<li><strong>Fabrice Melkonian,<\/strong><\/li>\n\n\n\n<li><strong>Georgette Melkonian,<\/strong><\/li>\n\n\n\n<li><strong>Franck Anouchian,<\/strong><\/li>\n\n\n\n<li><strong>C\u00e9dric Boulas,<\/strong><\/li>\n\n\n\n<li><strong>Edwige Bertrand,<\/strong><\/li>\n\n\n\n<li><strong>Michel Delagrange, retrait\u00e9,<\/strong><\/li>\n\n\n\n<li>Marie<strong>-Pierre Dunand, institutrice retrait\u00e9e,<\/strong><\/li>\n\n\n\n<li><strong>Olivier Lafont, policier municipal,<\/strong><\/li>\n\n\n\n<li><strong>Lionel Bournizien, enseignant retrait\u00e9,<\/strong><\/li>\n\n\n\n<li><strong>Violaine Bourgois, retrait\u00e9e,<\/strong><\/li>\n\n\n\n<li><strong>Marie-France Bailleul-Gomis, <\/strong><\/li>\n\n\n\n<li><strong>Fran\u00e7ois Arnaud, Professeur des universit\u00e9s<\/strong><\/li>\n\n\n\n<li><strong>Eric Rodrigues,<\/strong><\/li>\n\n\n\n<li><strong>Michel Simonot, m\u00e9decin,<\/strong><\/li>\n\n\n\n<li><strong>Yolande B\u00e9raud,<\/strong><\/li>\n\n\n\n<li><strong>Corinne L\u00e9rin-Mizac, professeur d&rsquo;Histoire-G\u00e9ographie,<\/strong><\/li>\n\n\n\n<li><strong>Jean Bass\u00e8de, Directeur Territorial,<\/strong><\/li>\n\n\n\n<li><strong>Rachid Abdelli, Informaticien,<\/strong><\/li>\n\n\n\n<li><strong>Fr\u00e9d\u00e9ric Nivi\u00e8re,<\/strong><\/li>\n\n\n\n<li><strong>Dominique Capron, maire adjoint,<\/strong><\/li>\n\n\n\n<li><strong>Bernard Duval,<\/strong><\/li>\n\n\n\n<li><strong>Ir\u00e8ne Lach, retrait\u00e9e fonction publique,<\/strong><\/li>\n\n\n\n<li><strong>Edouard Ferrand, m\u00e9decin, <\/strong><\/li>\n\n\n\n<li><strong>Julie Gomez,<\/strong><\/li>\n\n\n\n<li><strong>Stefan Nowak, photographe,<\/strong><\/li>\n\n\n\n<li><strong>Marie-Claude Jullien,<\/strong><\/li>\n\n\n\n<li><strong>Patrick Berisset,<\/strong><\/li>\n\n\n\n<li><strong>Jean-Luc Ch\u00eane, Infirmier retrait\u00e9,<\/strong><\/li>\n\n\n\n<li><strong>C\u00e9cile Houizot, auto-entrepreneuse,<\/strong><\/li>\n\n\n\n<li><strong>Michel Mayet, retrait\u00e9,<\/strong><\/li>\n\n\n\n<li><strong>Denis Fritz,<\/strong><\/li>\n\n\n\n<li><strong>Marguerite Moreau, ancienne fonctionnaire,<\/strong><\/li>\n\n\n\n<li><strong>Maurice Lafont, ancien attach\u00e9 principal d&rsquo;administration,<\/strong><\/li>\n\n\n\n<li><strong>Sandrine Glaive-Garcin,<\/strong><\/li>\n\n\n\n<li><strong>Murielle David,<\/strong><\/li>\n\n\n\n<li><strong>Pierre Charat,<\/strong><\/li>\n\n\n\n<li><strong>Colette Charat,<\/strong><\/li>\n\n\n\n<li><strong>Marie Lain, retrait\u00e9e,<\/strong><\/li>\n\n\n\n<li><strong>Lo\u00efck Rosec-Despr\u00e9s,<\/strong><\/li>\n\n\n\n<li><strong>Elisabeth Benichou,<\/strong><\/li>\n\n\n\n<li><strong>Christelle Bainvel, professeure,<\/strong><\/li>\n\n\n\n<li><strong>Lucette Petit, retrait\u00e9e,<\/strong><\/li>\n\n\n\n<li><strong>Patrice Hagopian, retrait\u00e9 SNCF,<\/strong><\/li>\n\n\n\n<li><strong>Agn\u00e8s Krassinine de Soultrait,<\/strong><\/li>\n\n\n\n<li><strong>Patrick Thibaut,<\/strong><\/li>\n\n\n\n<li><strong>Hovsep Havagyan , responsable commercial,<\/strong><\/li>\n\n\n\n<li><strong>Fran\u00e7ois Van Zon, informaticien,<\/strong><\/li>\n\n\n\n<li><strong>Patrick Charilas,<\/strong><\/li>\n\n\n\n<li><strong>Yvan Clero,<\/strong><\/li>\n\n\n\n<li><strong>Evelyne Richard-Brasseur,<\/strong><\/li>\n\n\n\n<li><strong>Jo\u00ebl Devanciard,<\/strong><\/li>\n\n\n\n<li><strong>Myriam Landolfi,<\/strong><\/li>\n\n\n\n<li><strong>Andr\u00e9 Krischer,<\/strong><\/li>\n\n\n\n<li><strong>Thibault Fleury, Enseignant de lettres\/Histoire-Geographie,<\/strong><\/li>\n\n\n\n<li><strong>Michel Giacomazzi,<\/strong><\/li>\n\n\n\n<li><strong>Mikael Minassian, musicien,<\/strong><\/li>\n\n\n\n<li><strong>Nelly Aslan, assistante maternelle,<\/strong><\/li>\n\n\n\n<li><strong>Marie-Jos\u00e9 Christien, auteur, critique litt\u00e9raire, responsable de r\u00e9daction de la revue \u00ab\u00a0Spered Gouez \/ l&rsquo;esprit sauvage\u00a0\u00bb<\/strong><\/li>\n\n\n\n<li><strong>Jean-Luc Maillot, citoyen,<\/strong><\/li>\n\n\n\n<li><strong>Jean-Christophe Hagopian, enseignant retrait\u00e9,<\/strong><\/li>\n\n\n\n<li><strong>No\u00ebl Michalczak, journaliste honoraire,<\/strong><\/li>\n\n\n\n<li><strong>Claire Balandier, enseignante-chercheuse,<\/strong><\/li>\n\n\n\n<li><strong>Danielle Balandier, citoyenne,<\/strong><\/li>\n\n\n\n<li><strong>Marc Lallemand, infirmier retrait\u00e9,<\/strong><\/li>\n\n\n\n<li><strong>Didier Rossi, retrait\u00e9,<\/strong><\/li>\n\n\n\n<li><strong>Claire Aubert, Petite ni\u00e8ce de r\u00e9sistant<\/strong><\/li>\n\n\n\n<li><strong>Philippe Pascal,<\/strong><\/li>\n\n\n\n<li><strong>Marie-Fran\u00e7oise Pascal, maire-adjointe \u00e0 la Culture de Valence,<\/strong><\/li>\n\n\n\n<li><strong>Jean-Paul Jury, conseiller municipal de Valence de 1977 \u00e0 2001, pr\u00e9sident de LUX sc\u00e8ne nationale de Valence de 2003 \u00e0 2018, membre d&rsquo;honneur du Conseil d&rsquo;administration de l&rsquo;Association des Sc\u00e8nes Nationales, chevalier de l&rsquo;ordre national du M\u00e9rite,<\/strong><\/li>\n\n\n\n<li><strong>Jean-Paul Castanier, m\u00e9decin retrait\u00e9, <\/strong><\/li>\n\n\n\n<li><strong>Didier Mainguy, retrait\u00e9,<\/strong><\/li>\n\n\n\n<li><strong>Michel Clette, Fonctionnaire, belge, citoyen europ\u00e9en et citoyen du monde,<\/strong><\/li>\n\n\n\n<li><strong>Jean-Pierre Kaftandjian, citoyen,<\/strong><\/li>\n\n\n\n<li><strong>Renaud Bony,<\/strong><\/li>\n\n\n\n<li><strong>Josette Tuffery, citoyenne,<\/strong><\/li>\n\n\n\n<li><strong>Fabienne Lamore,<\/strong><\/li>\n\n\n\n<li><strong>C\u00e9line Berrier, Principale adjointe,<\/strong><\/li>\n\n\n\n<li><strong>Jean-Fran\u00e7ois Bowen, citoyen,<\/strong><\/li>\n\n\n\n<li><strong>Roland Davitian, ing\u00e9nieur,<\/strong><\/li>\n\n\n\n<li><strong>Fran\u00e7oise Sagot-d&rsquo;Hervilley,<\/strong><\/li>\n\n\n\n<li><strong>V\u00e9ronique Basso, citoyenne,<\/strong><\/li>\n\n\n\n<li><strong>Vincent L\u00e9vy,<\/strong><\/li>\n\n\n\n<li><strong>Fr\u00e9d\u00e9ric Mazurier, fonctionnaire,<\/strong><\/li>\n\n\n\n<li><strong>Christophe Sagot,<\/strong><\/li>\n\n\n\n<li><strong>Martine Beno\u00eet, professeur des universit\u00e9s,<\/strong><\/li>\n\n\n\n<li><strong>Alain Pommier,<\/strong><\/li>\n\n\n\n<li><strong>Denis Michelet, retrait\u00e9e,<\/strong><\/li>\n\n\n\n<li><strong>Georges Ohanessian,<\/strong><\/li>\n\n\n\n<li><strong>Ornella Ohanessian,<\/strong><\/li>\n\n\n\n<li><strong>Parisette Gilli,<\/strong><\/li>\n\n\n\n<li><strong>Michel Warm\u00e9,<\/strong><\/li>\n\n\n\n<li><strong>Constantinos Ra\u00efos, MCF &#8211; UT2J,<\/strong><\/li>\n\n\n\n<li><strong>Flavien Babaud,<\/strong><\/li>\n\n\n\n<li><strong>Fran\u00e7oise Gedanken, Imaginieure et traject&rsquo;ographe,<\/strong><\/li>\n\n\n\n<li><strong>Claude Delesalle,<\/strong><\/li>\n\n\n\n<li><strong>Zo\u00e9 Neboit, \u00e9tudiante,<\/strong><\/li>\n\n\n\n<li><strong>Martine Nocoulaud,<\/strong><\/li>\n\n\n\n<li><strong>G\u00e9rard Blancheteau, Enseignant et syndicaliste retrait\u00e9,<\/strong><\/li>\n\n\n\n<li><strong>J\u00e9r\u00f4me Comptdaer,<\/strong><\/li>\n\n\n\n<li><strong>Babaud Danielle,<\/strong><\/li>\n\n\n\n<li><strong>Didier Portal, retrait\u00e9,<\/strong><\/li>\n\n\n\n<li><strong>Emmanuelle Babaud,<\/strong><\/li>\n\n\n\n<li><strong>Caroline Dargelos,<\/strong><\/li>\n\n\n\n<li><strong>Fr\u00e9d\u00e9ric de la Hogue,<\/strong><\/li>\n\n\n\n<li><strong>Guy Bricart, m\u00e9decin,<\/strong><\/li>\n\n\n\n<li><strong>Beno\u00eet Dumont,<\/strong><\/li>\n\n\n\n<li><strong>Nathalie Rochard,<\/strong><\/li>\n\n\n\n<li><strong>Olivier Faes,<\/strong><\/li>\n\n\n\n<li><strong>Nicolas Elie, Historien CNRS retrait\u00e9,<\/strong><\/li>\n\n\n\n<li><strong>Olivier Boisson,<\/strong><\/li>\n\n\n\n<li><strong>Jean-Paul Cathalan, enseignant,<\/strong><\/li>\n\n\n\n<li><strong>Daniel Troubl\u00e9,<\/strong><\/li>\n\n\n\n<li><strong>Jean-Luc Gauch, <\/strong><\/li>\n\n\n\n<li><strong>Isabelle Raoul, r\u00e9dactrice,<\/strong><\/li>\n\n\n\n<li><strong>Alain Willem,<\/strong><\/li>\n\n\n\n<li><strong>Yves Adelin, retrait\u00e9 Syndicaliste, petit fils de r\u00e9sistant,<\/strong><\/li>\n\n\n\n<li><strong>Christine Vulliard, professeur de lettres,<\/strong><\/li>\n\n\n\n<li><strong>Nathalie Avakian,<\/strong><\/li>\n\n\n\n<li><strong>Serge Rozenblum, expert-comptable,<\/strong><\/li>\n\n\n\n<li><strong>Florence Gasnot, professeur,<\/strong><\/li>\n\n\n\n<li><strong>Chantal Charpentier, retrait\u00e9e \u00e9ducation nationale,<\/strong><\/li>\n\n\n\n<li><strong>Vanessa Rigolet,<\/strong><\/li>\n\n\n\n<li><strong>Genevi\u00e8ve Pouliquen, retrait\u00e9e de l&rsquo;enseignement,<\/strong><\/li>\n\n\n\n<li><strong>Christian Hentges, retrait\u00e9,<\/strong><\/li>\n\n\n\n<li><strong>Samuel Freret,<\/strong><\/li>\n\n\n\n<li><strong>Jos\u00e9 Freret, citoyen,<\/strong><\/li>\n\n\n\n<li><strong>Claire Chevrel, citoyenne,<\/strong><\/li>\n\n\n\n<li><strong>Florence Vitrtori, artiste-peintre,<\/strong><\/li>\n\n\n\n<li><strong>R\u00e9mi Boniface, avocat,<\/strong><\/li>\n\n\n\n<li><strong>Marc Bartolini, enseignant,<\/strong><\/li>\n\n\n\n<li><strong>Alix Fran\u00e7oise-Laurent-Pierron, retrait\u00e9e,<\/strong><\/li>\n\n\n\n<li><strong>Karine Pons, petite-fille et arri\u00e8re-petite fille de r\u00e9sistants,<\/strong><\/li>\n\n\n\n<li><strong>Guy Mathez, retrait\u00e9,<\/strong><\/li>\n\n\n\n<li><strong>Sylvette Minand, enseignante,<\/strong><\/li>\n\n\n\n<li><strong>Monique Mouquet, retrait\u00e9e Education nationale,<\/strong><\/li>\n\n\n\n<li><strong>Corinne Poisson,<\/strong><\/li>\n\n\n\n<li><strong>Jean-Claude Monneveux, antiraciste,<\/strong><\/li>\n\n\n\n<li><strong>Soledad Vergara, retrait\u00e9e,<\/strong><\/li>\n\n\n\n<li><strong>Andr\u00e9 Perreton,<\/strong><\/li>\n\n\n\n<li><strong>Patrice Perini, retrait\u00e9,<\/strong><\/li>\n\n\n\n<li><strong>Marika Mardirossian, professeure de lyc\u00e9e,<\/strong><\/li>\n\n\n\n<li><strong>Lucile Claquin-Varnat, pofesseur,<\/strong><\/li>\n\n\n\n<li><strong>G\u00e9rard Belotti,<\/strong><\/li>\n\n\n\n<li><strong>Pierrick Hennemann, Aide cuisine,<\/strong><\/li>\n\n\n\n<li><strong>Ludovic Tetevuide, secr\u00e9taire UD CGT de la Marne,<\/strong><\/li>\n\n\n\n<li><strong>David Baron, commer\u00e7ant,<\/strong><\/li>\n\n\n\n<li><strong>Ornella Moquay, <\/strong><\/li>\n\n\n\n<li><strong>Emma Duquenne, retrait\u00e9e,<\/strong><\/li>\n\n\n\n<li><strong>Fran\u00e7ois Pellegrin, enseignant,<\/strong><\/li>\n\n\n\n<li><strong>Jacky Catoir, travailleur social,<\/strong><\/li>\n\n\n\n<li><strong>Genevi\u00e8ve Cros,<\/strong><\/li>\n\n\n\n<li><strong>Patrick Salem,<\/strong><\/li>\n\n\n\n<li><strong>Michel Perrochon, ancien directeur centre socioculturel,<\/strong><\/li>\n\n\n\n<li><strong>Daniel Kayat,<\/strong><\/li>\n\n\n\n<li><strong>Claude Savasta, <\/strong><\/li>\n\n\n\n<li><strong>Jean-Pierre Gros, directeur d&rsquo;\u00e9cole,<\/strong><\/li>\n\n\n\n<li><strong>C\u00e9cile Lefevre,<\/strong><\/li>\n\n\n\n<li><strong>Roger Dussopt,<\/strong><\/li>\n\n\n\n<li><strong>Jacques Blanc, ancien Professeur \u00e0 Sciences Po,<\/strong><\/li>\n\n\n\n<li><strong>Mireille Dussopt,<\/strong><\/li>\n\n\n\n<li><strong>Jean-No\u00ebl Duval, retrait\u00e9 de la fonction publique territoriale,<\/strong><\/li>\n\n\n\n<li><strong>Daniel Lesur, com\u00e9dien,<\/strong><\/li>\n\n\n\n<li><strong>Isabelle Velten-Dubois, retrait\u00e9e Education Nationale,<\/strong><\/li>\n\n\n\n<li><strong>Jacques Lisseroglou,<\/strong><\/li>\n\n\n\n<li><strong>V\u00e9ronique Dupuy, fonctionnaire,<\/strong><\/li>\n\n\n\n<li><strong>Elisabeth Roupen,<\/strong><\/li>\n\n\n\n<li><strong>Jean-Guy Cousseau,<\/strong><\/li>\n\n\n\n<li><strong>Jacqueline Comet-Ghertman, secr\u00e9taire de direction retrait\u00e9e,<\/strong><\/li>\n\n\n\n<li><strong>Bruno Par\u00e8des,<\/strong><\/li>\n\n\n\n<li><strong>Sabine Caudrelier,<\/strong><\/li>\n\n\n\n<li><strong>Alain Ghertman, journaliste et peintre,<\/strong><\/li>\n\n\n\n<li><strong>Guillaume Gueguen, professeur agr\u00e9g\u00e9,<\/strong><\/li>\n\n\n\n<li><strong>Shawn Le Govic, \u00e9tudiant,<\/strong><\/li>\n\n\n\n<li><strong>Guy De Oliveira,<\/strong><\/li>\n\n\n\n<li><strong>Generosa, Bachet-Rasle,<\/strong><\/li>\n\n\n\n<li><strong>Patrick Clovirola,<\/strong><\/li>\n\n\n\n<li><strong>Arusyak Ko\u00e7-Monnet, enseignante,<\/strong><\/li>\n\n\n\n<li><strong>St\u00e9phane Monnet, enseignant,<\/strong><\/li>\n\n\n\n<li><strong>Anna Grimaldi,<\/strong><\/li>\n\n\n\n<li><strong>Annick Centofanti, retrait\u00e9e,<\/strong><\/li>\n\n\n\n<li><strong>Pascal Boulesteix, <\/strong><\/li>\n\n\n\n<li><strong>Fr\u00e9d\u00e9rique Hugues, retrait\u00e9e,<\/strong><\/li>\n\n\n\n<li><strong>Agn\u00e8s Volta,<\/strong><\/li>\n\n\n\n<li><strong>Catherine Uthurralt, citoyenne,<\/strong><\/li>\n\n\n\n<li><strong>Elodie Boursier, <\/strong><\/li>\n\n\n\n<li><strong>Didier Boussant,<\/strong><\/li>\n\n\n\n<li><strong>Patrick Villin,<\/strong><\/li>\n\n\n\n<li><strong>Michel Rouault, retrait\u00e9,<\/strong><\/li>\n\n\n\n<li><strong>Gurvane Wellebrouck, rofesseur Docteur \u00e8s Lettres Classiques, <\/strong><\/li>\n\n\n\n<li><strong>Pascale Raynal, RESF,<\/strong><\/li>\n\n\n\n<li><strong>Elsa Velten,<\/strong><\/li>\n\n\n\n<li><strong>Gilbert Viale, retrait\u00e9,<\/strong><\/li>\n\n\n\n<li><strong>Fr\u00e9d\u00e9rique F\u00e9raud,<\/strong><\/li>\n\n\n\n<li><strong>Jean-Charles Witz, retrait\u00e9,<\/strong><\/li>\n\n\n\n<li><strong>Josiane Gat,<\/strong><\/li>\n\n\n\n<li><strong>Jean Gascuel,<\/strong><\/li>\n\n\n\n<li><strong>Marc Aubergy,<\/strong><\/li>\n\n\n\n<li><strong>Henry Zadjian, retrait\u00e9,<\/strong><\/li>\n\n\n\n<li><strong>Brigitte Peraldi-Grimaldi, enseignante \u00e0 la retraite,<\/strong><\/li>\n\n\n\n<li><strong>Patrick Grimaldi, conseiller municipal istres \/ conseiller m\u00e9tropolitain AMP , membre de la GRS,<\/strong><\/li>\n\n\n\n<li><strong>Pierre Gaudin, <\/strong><\/li>\n\n\n\n<li><strong>Marie-Fran\u00e7oise Palloix, ancienne \u00e9lue municipale \u00e0 Marseille et Conseill\u00e8re R\u00e9gionale PACA SUD,<\/strong><\/li>\n\n\n\n<li><strong>Michel Batifoille, retrait\u00e9,<\/strong><\/li>\n\n\n\n<li><strong>Catherine Potvin, citoyenne,<\/strong><\/li>\n\n\n\n<li><strong>Herv\u00e9 Lannoy-Resse, citoyen,<\/strong><\/li>\n\n\n\n<li><strong>Francis Delon, Charg\u00e9 d&rsquo;\u00e9tudes doumentaires principal, <\/strong><\/li>\n\n\n\n<li><strong>Michel Rondeau,<\/strong><\/li>\n\n\n\n<li><strong>Jean-Marc Bonnafon, retrait\u00e9,<\/strong><\/li>\n\n\n\n<li><strong>G\u00e9rard Pellois, <\/strong><\/li>\n\n\n\n<li><strong>Bernard Bernex, m\u00e9decin retrait\u00e9,<\/strong><\/li>\n\n\n\n<li><strong>Annick Hyvon,<\/strong><\/li>\n\n\n\n<li><strong>Pascal Robert, retrait\u00e9,<\/strong><\/li>\n\n\n\n<li><strong>Brigitte Bernex, 1\u00e8re adjointe au maire de Sevran,<\/strong><\/li>\n\n\n\n<li><strong>Pierre Cabotte, retrait\u00e9,<\/strong><\/li>\n\n\n\n<li><strong>Zo\u00e9 Hagel,<\/strong><\/li>\n\n\n\n<li><strong>Patrick Barone, retrait\u00e9,<\/strong><\/li>\n\n\n\n<li><strong>Thibault Fleury, Enseignant de lettres\/Histoire-Geographie,<\/strong><\/li>\n\n\n\n<li><strong>Michel Giacomazzi, retrait\u00e9,<\/strong><\/li>\n\n\n\n<li><strong>Mikael Minassian, musicien,<\/strong><\/li>\n\n\n\n<li><strong>Nelly Aslan, assistante maternelle,<\/strong><\/li>\n\n\n\n<li><strong>Gwendoline Aslan, avocate,<\/strong><\/li>\n\n\n\n<li><strong>Mireille Bernex,<\/strong><\/li>\n\n\n\n<li><strong>C\u00e9cile Quantin, professeure d&rsquo;universit\u00e9,<\/strong><\/li>\n\n\n\n<li><strong>Caroline Maire, monteuse,<\/strong><\/li>\n\n\n\n<li><strong>Dominique Daffos,<\/strong><\/li>\n\n\n\n<li><strong>Bruno Beziade, Conseiller d\u00e9partemental EELV Gironde,<\/strong><\/li>\n\n\n\n<li><strong>Jean-Claude Sommaire, fonctionnaire retrait\u00e9,<\/strong><\/li>\n\n\n\n<li><strong>Fran\u00e7ois Mercier, citoyen,<\/strong><\/li>\n\n\n\n<li><strong>Eveline Duvauchelle, retrait\u00e9e,<\/strong><\/li>\n\n\n\n<li><strong>Christian Pohren,<\/strong><\/li>\n\n\n\n<li><strong>Marianne Kazarian,<\/strong><\/li>\n\n\n\n<li><strong>William Manoukian, soignant,<\/strong><\/li>\n\n\n\n<li><strong>Issartel Pascale, conservatrice g\u00e9n\u00e9rale des biblioth\u00e8ques,<\/strong><\/li>\n\n\n\n<li><strong>Alain Agostini, militant de l&rsquo;\u00e9ducation populaire,<\/strong><\/li>\n\n\n\n<li><strong>Daniel Grason, auteur de notices du dictionnaire Maitron,<\/strong><\/li>\n\n\n\n<li><strong>Odette Kazarian,<\/strong><\/li>\n\n\n\n<li><strong>Lucie Kazarian,<\/strong><\/li>\n\n\n\n<li><strong>Yves Avigdor, documentaliste archiviste,<\/strong><\/li>\n\n\n\n<li><strong>Raphaelle Richard,<\/strong><\/li>\n\n\n\n<li><strong>Martine Trouche,<\/strong><\/li>\n\n\n\n<li><strong>Jean-Paul Lamy, citoyen,<\/strong><\/li>\n\n\n\n<li><strong>Jean Azarel, \u00e9crivain,<\/strong><\/li>\n\n\n\n<li><strong>St\u00e9phane Corcos, dirigeant d&rsquo;entreprise,<\/strong><\/li>\n\n\n\n<li><strong>Christian Savary, professeur d&rsquo;Histoire,<\/strong><\/li>\n\n\n\n<li><strong>Emmanuel Quemener, Pr\u00e9sident de l&rsquo;association Franco-Arm\u00e9nienne d&rsquo;Angers,<\/strong><\/li>\n\n\n\n<li><strong>Serge Tachdjian, directeur de la s\u00e9curit\u00e9 du REAF,<\/strong><\/li>\n\n\n\n<li><strong>Patrick Broux, citoyen,<\/strong><\/li>\n\n\n\n<li><strong>Antoine Gariel, Directeur du Th\u00e9\u00e2tre de Gascogne et du festival Yeraz,<\/strong><\/li>\n\n\n\n<li><strong>Jean Guillard, \u00e9lu municipal, <\/strong><\/li>\n\n\n\n<li><strong>Georges Guiragossian,<\/strong><\/li>\n\n\n\n<li><strong>Jean-Claude Obis,<\/strong><\/li>\n\n\n\n<li><strong>Maryse Phelippeau, juriste,<\/strong><\/li>\n\n\n\n<li><strong>Isabelle Lambalot, citoyenne,<\/strong><\/li>\n\n\n\n<li><strong>Chake Guiragossian, retrait\u00e9e,<\/strong><\/li>\n\n\n\n<li><strong>G\u00e9rard Guiragossian, responsable achats BTP,<\/strong><\/li>\n\n\n\n<li><strong>M\u00e9lin\u00e9e Kazarian,<\/strong><\/li>\n\n\n\n<li><strong>Clara Bendjoua, ing\u00e9nieur,<\/strong><\/li>\n\n\n\n<li><strong>Herv\u00e9 M\u00e9teyer,<\/strong><\/li>\n\n\n\n<li><strong>Emmanuelle Friedmann, autrice,<\/strong><\/li>\n\n\n\n<li><strong>Maryvonne Braunschweig,<\/strong><\/li>\n\n\n\n<li><strong>Fran\u00e7oise Mattossi, retrait\u00e9e, petite-fille de r\u00e9sistant immigr\u00e9,<\/strong><\/li>\n\n\n\n<li><strong>Luc Rousseau, sc\u00e9nographe,<\/strong><\/li>\n\n\n\n<li><strong>Alain Gayster, photographe,<\/strong><\/li>\n\n\n\n<li><strong>Hadrien Courtemanche, professeur de Lettres modernes,<\/strong><\/li>\n\n\n\n<li><strong>St\u00e9phane Shayevitz, artiste plasticien,<\/strong><\/li>\n\n\n\n<li><strong>Hagop Aynedjian,<\/strong><\/li>\n\n\n\n<li><strong>Jean-Marie Bettinelli,<\/strong><\/li>\n\n\n\n<li><strong>Anne Le Strat,<\/strong><\/li>\n\n\n\n<li><strong>Simone Blanc,<\/strong><\/li>\n\n\n\n<li><strong>Georges Vayrou, Agent comptable d&rsquo;universit\u00e9 honoraire,<\/strong><\/li>\n\n\n\n<li><strong>Augustin Domange,<\/strong><\/li>\n\n\n\n<li><strong>Caroline Feldman, citoyenne,<\/strong><\/li>\n\n\n\n<li><strong>Mohammed Malki, retrait\u00e9,<\/strong><\/li>\n\n\n\n<li><strong>Anne-Marie Lavagne, traductrice,<\/strong><\/li>\n\n\n\n<li><strong>Guillaume de Courcy, citoyen et imprimeur,<\/strong><\/li>\n\n\n\n<li><strong>Carine Picard-Niles, secr\u00e9taire g\u00e9n\u00e9rale Amicale Ch\u00e2teaubriant Voves Rouill\u00e9 Aincourt<\/strong><\/li>\n\n\n\n<li><strong>Monique Le Roux,<\/strong><\/li>\n\n\n\n<li><strong>Pedro Soler, musicien,<\/strong><\/li>\n\n\n\n<li><strong>Madeleine Claus, musicienne,<\/strong><\/li>\n\n\n\n<li><strong>Serge Ohanessian, musicien,<\/strong><\/li>\n\n\n\n<li><strong>Mathieu Madesclaire, \u00e9tudiant,<\/strong><\/li>\n\n\n\n<li><strong>Christophe Lessault, paysagiste,<\/strong><\/li>\n\n\n\n<li><strong>Galina Elbaz, avocate,<\/strong><\/li>\n\n\n\n<li><strong>Justine Lef\u00e8vre, \u00e9tudiante en Histoire,<\/strong><\/li>\n\n\n\n<li><strong>Marie-Jo\u00eblle Izard-Villalon,<\/strong><\/li>\n\n\n\n<li><strong>Yannick Villalon,<\/strong><\/li>\n\n\n\n<li><strong>Xavier Gautier, magazinier,<\/strong><\/li>\n\n\n\n<li><strong>Genevi\u00e8ve Beziers, accompagnant m\u00e9dico-social,<\/strong><\/li>\n\n\n\n<li><strong>H\u00e9l\u00e8ne Peytavi,<\/strong><\/li>\n\n\n\n<li><strong>G\u00e9rard Druguet,<\/strong><\/li>\n\n\n\n<li><strong>Claudie Bassi-Lederman,<\/strong><\/li>\n\n\n\n<li><strong>Jean-Luc B\u00e9guine, <\/strong><\/li>\n\n\n\n<li><strong>Mathieu Brocard, professeur,<\/strong><\/li>\n\n\n\n<li><strong>Laurent Pommier,<\/strong><\/li>\n\n\n\n<li><strong>Sempat Chahinian, retrait\u00e9,<\/strong><\/li>\n\n\n\n<li><strong>Claude Boucher, membre du Bureau d&rsquo;Unit\u00e9 La\u00efque,<\/strong><\/li>\n\n\n\n<li><strong>Marc Soubeyrand,<\/strong><\/li>\n\n\n\n<li><strong>Christiane Rogero-Pertinax,<\/strong><\/li>\n\n\n\n<li><strong>Jacques Lamy,<\/strong><\/li>\n\n\n\n<li><strong>Martine Gouriet, maire adjoint de Ch\u00e2tillon (92),<\/strong><\/li>\n\n\n\n<li><strong>Anne Dury,<\/strong><\/li>\n\n\n\n<li><strong>Marie-Claude Gorce, m\u00e9decin,<\/strong><\/li>\n\n\n\n<li><strong>Astid Bonnet,<\/strong><\/li>\n\n\n\n<li><strong>Marie-Laure Pelosse, administrateur,<\/strong><\/li>\n\n\n\n<li><strong>Danielle Grainaut-Magallon,<\/strong><\/li>\n\n\n\n<li><strong>Pierre Demkoff,<\/strong><\/li>\n\n\n\n<li><strong>Herv\u00e9 Charvot,<\/strong><\/li>\n\n\n\n<li><strong>Christophe Haser, administrateur de l&rsquo;UFAL<\/strong><\/li>\n\n\n\n<li><strong>Michel Chapeau, retrait\u00e9,<\/strong><\/li>\n\n\n\n<li><strong>Yannick Guibert,<\/strong><\/li>\n\n\n\n<li><strong>Nathalie Dubosquelle,<\/strong><\/li>\n\n\n\n<li><strong>Laurence Kahn, journaliste,<\/strong><\/li>\n\n\n\n<li><strong>Didier Molines, retrait\u00e9,<\/strong><\/li>\n\n\n\n<li><strong>Christine Loubet, retrait\u00e9e,<\/strong><\/li>\n\n\n\n<li><strong>Didier Renaud, retrait\u00e9,<\/strong><\/li>\n\n\n\n<li><strong>Christian Degand, retrait\u00e9,<\/strong><\/li>\n\n\n\n<li><strong>Jacqueline Fernand-Detrie, conseill\u00e8re municipale,<\/strong><\/li>\n\n\n\n<li><strong>Anahid Franusic,<\/strong><\/li>\n\n\n\n<li><strong>J\u00e9r\u00f4me Bensoussan, musicien,<\/strong><\/li>\n\n\n\n<li><strong>William Ponseau, retrait\u00e9,<\/strong><\/li>\n\n\n\n<li><strong>Marie-Laure Simon, citoyenne,<\/strong><\/li>\n\n\n\n<li><strong>G\u00e9rard Delbert, retrait\u00e9, <\/strong><\/li>\n\n\n\n<li><strong>Jacques Limouzin, IA-IPR honoraire,<\/strong><\/li>\n\n\n\n<li><strong>Graziella Roussel,<\/strong><\/li>\n\n\n\n<li><strong>Tristan Klein, fonctionnaire,<\/strong><\/li>\n\n\n\n<li><strong>Catherine Bruyant,<\/strong><\/li>\n\n\n\n<li><strong>Huguette Cuisy, association AFMD,<\/strong><\/li>\n\n\n\n<li><strong>Francis Devrainne,<\/strong><\/li>\n\n\n\n<li><strong>Alain Gicquiaux, retrait\u00e9,<\/strong><\/li>\n\n\n\n<li><strong>Jean-Pierre Roche,<\/strong><\/li>\n\n\n\n<li><strong>Virginie Houadec,<\/strong><\/li>\n\n\n\n<li><strong>Marie-Claude Mousseux,<\/strong><\/li>\n\n\n\n<li><strong>Johanna Henrion-Latch\u00e9, attach\u00e9e d&rsquo;enseignement et de recherche,<\/strong><\/li>\n\n\n\n<li><strong>Fr\u00e9d\u00e9ric Delarue, docteur en Histoire,<\/strong><\/li>\n\n\n\n<li><strong>Anne Angles, professeur agr\u00e9g\u00e9 d&rsquo;Histoire,<\/strong><\/li>\n\n\n\n<li><strong>Maria Perez-Creus, retrait\u00e9e,<\/strong><\/li>\n\n\n\n<li><strong>Fr\u00e9d\u00e9ric Paletou, enseignant-chercheur,<\/strong><\/li>\n\n\n\n<li><strong>Youssouf Maina, consultant digital,<\/strong><\/li>\n\n\n\n<li><strong>Lionel Cruso\u00e9, avocat,<\/strong><\/li>\n\n\n\n<li><strong>Daphn\u00e9 Chancelier,<\/strong><\/li>\n\n\n\n<li><strong>Xavier-Marie Bonnet, \u00e9crivain, r\u00e9alisateur,<\/strong><\/li>\n\n\n\n<li><strong>Jean-Paul Stef, communiste,<\/strong><\/li>\n\n\n\n<li><strong>Nathalie Raoux, historienne,<\/strong><\/li>\n\n\n\n<li><strong>Vanessa Fuks, Dr v\u00e9t\u00e9rinaire,<\/strong><\/li>\n\n\n\n<li><strong>Bernard Hagopian,<\/strong><\/li>\n\n\n\n<li><strong>Yannick Mazevet, militant communiste,<\/strong><\/li>\n\n\n\n<li><strong>Chantal Andr\u00e9,<\/strong><\/li>\n\n\n\n<li><strong>Marie-Lise Fayet,<\/strong><\/li>\n\n\n\n<li><strong>Monique Moreau, retrait\u00e9e,<\/strong><\/li>\n\n\n\n<li><strong>Virginie Montalescot,<\/strong><\/li>\n\n\n\n<li><strong>Christiane Charmasson, psychiatre et psychanalyste,<\/strong><\/li>\n\n\n\n<li><strong>Gilles St\u00e9phan, retrait\u00e9,<\/strong><\/li>\n\n\n\n<li><strong>B\u00e9n\u00e9dicte Villain, violoniste,<\/strong><\/li>\n\n\n\n<li><strong>Sophie Boir\u00e9,<\/strong><\/li>\n\n\n\n<li><strong>Davy Branger, citoyen,<\/strong><\/li>\n\n\n\n<li><strong>Simon Louvet, journaliste,<\/strong><\/li>\n\n\n\n<li><strong>Jean-Philippe Daniel,<\/strong><\/li>\n\n\n\n<li><strong>Patrick Alexanian, fonctionnaire europ\u00e9en,<\/strong><\/li>\n\n\n\n<li><strong>Ren\u00e9 Riou, artiste,<\/strong><\/li>\n\n\n\n<li><strong>St\u00e9phane Mouradian,<\/strong><\/li>\n\n\n\n<li><strong>Catherine Laurent, journaliste,<\/strong><\/li>\n\n\n\n<li><strong>Daniel Sellier, ancien adjoint au maire de Douai,<\/strong><\/li>\n\n\n\n<li><strong>Lucas Savy, chef de cabinet de la maire du 14e arrondissement de Paris,<\/strong><\/li>\n\n\n\n<li><strong>Manu Braganca, enseignant,<\/strong><\/li>\n\n\n\n<li><strong>Nadine Moreau,retrait\u00e9e,<\/strong><\/li>\n\n\n\n<li><strong>Laurent Macaire, secr\u00e9taire de r\u00e9daction,<\/strong><\/li>\n\n\n\n<li><strong>Gil Taieb, chirurgien-dentiste,<\/strong><\/li>\n\n\n\n<li><strong>St\u00e9phane Martinet, citoyen,<\/strong><\/li>\n\n\n\n<li><strong>R\u00e9mi Cl\u00e9ment, journaliste,<\/strong><\/li>\n\n\n\n<li><strong>Laurent Nimeskern,<\/strong><\/li>\n\n\n\n<li><strong>Michel Strulovici, journaliste,<\/strong><\/li>\n\n\n\n<li><strong>Jean-Jacques Kiladjian, professeur de m\u00e9decine,<\/strong><\/li>\n\n\n\n<li><strong>Dominique Isra\u00ebl-Biet,<\/strong><\/li>\n\n\n\n<li><strong>Guillaume Agullo, fonctionnaire territorial,<\/strong><\/li>\n\n\n\n<li><strong>Carine Klein, ing\u00e9nieur CNRS,<\/strong><\/li>\n\n\n\n<li><strong>Jacques hagopian, principal de coll\u00e8ge,<\/strong><\/li>\n\n\n\n<li><strong>Vincent Monterrin,<\/strong><\/li>\n\n\n\n<li><strong>C\u00e9cile Fillaud-Le Mapihan,<\/strong><\/li>\n\n\n\n<li><strong>Fred Kleinberg, artiste peintre,<\/strong><\/li>\n\n\n\n<li><strong>Maxime Guillauma,<\/strong><\/li>\n\n\n\n<li><strong>Isabelle Jouy,<\/strong><\/li>\n\n\n\n<li><strong>Georges Parrenin,<\/strong><\/li>\n\n\n\n<li><strong>Bernard Morat,<\/strong><\/li>\n\n\n\n<li><strong>Jean-Patrice Nebout,<\/strong><\/li>\n\n\n\n<li><strong>Marc Senant,<\/strong><\/li>\n\n\n\n<li><strong>Bernard Roux,<\/strong><\/li>\n\n\n\n<li><strong>C\u00e9dric Punset,<\/strong><\/li>\n\n\n\n<li><strong>Clara Milhaud,<\/strong><\/li>\n\n\n\n<li><strong>Michel Gu\u00e9neau,<\/strong><\/li>\n\n\n\n<li><strong>Hubert Rigaud,<\/strong><\/li>\n\n\n\n<li><strong>Serge Luslac,<\/strong><\/li>\n\n\n\n<li><strong>Eric Bassement,<\/strong><\/li>\n\n\n\n<li><strong>Philippe Minier,<\/strong><\/li>\n\n\n\n<li><strong>Alain Fontaine, adjoint au maire de Noisiel (77)<\/strong><\/li>\n\n\n\n<li><strong>Alain Boutet,<\/strong><\/li>\n\n\n\n<li><strong>Lucien Tauzia,<\/strong><\/li>\n\n\n\n<li><strong>Katell Paillart-Tourneur,<\/strong><\/li>\n\n\n\n<li><strong>Bernard Sandier,<\/strong><\/li>\n\n\n\n<li><strong>Edmond Khayadjian,<\/strong><\/li>\n\n\n\n<li><strong>Pascal Aubertin,<\/strong><\/li>\n\n\n\n<li><strong>Muriel Brandazzi,<\/strong><\/li>\n\n\n\n<li><strong>Olivier Munoz,<\/strong><\/li>\n\n\n\n<li><strong>Olivier Valmary,<\/strong><\/li>\n\n\n\n<li><strong>St\u00e9phane Papanian, \u00e9crivain et sc\u00e9nariste,<\/strong><\/li>\n\n\n\n<li><strong>Bernard Marchand,Olivier Bilan,<\/strong><\/li>\n\n\n\n<li><strong>Maryl\u00e8ne Coeur-Joly,<\/strong><\/li>\n\n\n\n<li><strong>Anne Salou,<\/strong><\/li>\n\n\n\n<li><strong>Chlo\u00e9 Radiguet, auteur,<\/strong><\/li>\n\n\n\n<li><strong>Catherine Ravet, musicologue,<\/strong><\/li>\n\n\n\n<li><strong>Fran\u00e7ois Vidal,<\/strong><\/li>\n\n\n\n<li><strong>Juliette Barrial,<\/strong><\/li>\n\n\n\n<li><strong>Danielle Perrochet,<\/strong><\/li>\n\n\n\n<li><strong>Patrick Grocq,<\/strong><\/li>\n\n\n\n<li><strong>Bernard Gast\u00e9, secr\u00e9taire de l&rsquo;association Rail et m\u00e9moire,<\/strong><\/li>\n\n\n\n<li><strong>Morgan Lefeuvre, historienne du cin\u00e9ma,<\/strong><\/li>\n\n\n\n<li><strong>V\u00e9ronique Bruna,<\/strong><\/li>\n\n\n\n<li><strong>Michel Zalberg, fils de FTP-MOI,<\/strong><\/li>\n\n\n\n<li><strong>Aubin Verilhac, militant politique dans la Dr\u00f4me<\/strong><\/li>\n\n\n\n<li><strong>Thet Motou,<\/strong><\/li>\n\n\n\n<li><strong>Michel Labarre,<\/strong><\/li>\n\n\n\n<li><strong>Carlos Semedo,<\/strong><\/li>\n\n\n\n<li><strong>Hocine Tandjaoui, \u00e9crivain<\/strong><\/li>\n<\/ul>\n","protected":false},"excerpt":{"rendered":"<p>Apr\u00e8s la d\u00e9cision de M. Emmanuel Macron, pr\u00e9sident de la R\u00e9publique, de faire entrer dans le temple de la R\u00e9publique Missak Manouchian accompagn\u00e9 de son \u00e9pouse M\u00e9lin\u00e9e, les membres du Comit\u00e9 ex\u00e9cutif de l&rsquo;initiative \u00ab\u00a0Manouchian au Panth\u00e9on\u00a0\u00bb remercient de leur engagement les citoyens qui ont pris la peine de nous apporter leur soutien et qui [&hellip;]<\/p>\n","protected":false},"author":7,"featured_media":0,"comment_status":"closed","ping_status":"","sticky":false,"template":"","format":"standard","meta":{"footnotes":""},"categories":[36,32],"tags":[],"class_list":["post-3196","post","type-post","status-publish","format-standard","hentry","category-parrainage-et-soutiens-work","category-signez"],"_links":{"self":[{"href":"https:\/\/manouchian-au-pantheon.org\/index.php\/wp-json\/wp\/v2\/posts\/3196","targetHints":{"allow":["GET"]}}],"collection":[{"href":"https:\/\/manouchian-au-pantheon.org\/index.php\/wp-json\/wp\/v2\/posts"}],"about":[{"href":"https:\/\/manouchian-au-pantheon.org\/index.php\/wp-json\/wp\/v2\/types\/post"}],"author":[{"embeddable":true,"href":"https:\/\/manouchian-au-pantheon.org\/index.php\/wp-json\/wp\/v2\/users\/7"}],"replies":[{"embeddable":true,"href":"https:\/\/manouchian-au-pantheon.org\/index.php\/wp-json\/wp\/v2\/comments?post=3196"}],"version-history":[{"count":61,"href":"https:\/\/manouchian-au-pantheon.org\/index.php\/wp-json\/wp\/v2\/posts\/3196\/revisions"}],"predecessor-version":[{"id":4334,"href":"https:\/\/manouchian-au-pantheon.org\/index.php\/wp-json\/wp\/v2\/posts\/3196\/revisions\/4334"}],"wp:attachment":[{"href":"https:\/\/manouchian-au-pantheon.org\/index.php\/wp-json\/wp\/v2\/media?parent=3196"}],"wp:term":[{"taxonomy":"category","embeddable":true,"href":"https:\/\/manouchian-au-pantheon.org\/index.php\/wp-json\/wp\/v2\/categories?post=3196"},{"taxonomy":"post_tag","embeddable":true,"href":"https:\/\/manouchian-au-pantheon.org\/index.php\/wp-json\/wp\/v2\/tags?post=3196"}],"curies":[{"name":"wp","href":"https:\/\/api.w.org\/{rel}","templated":true}]}}