{"id":3416,"date":"2022-03-07T18:48:00","date_gmt":"2022-03-07T17:48:00","guid":{"rendered":"https:\/\/manouchian-au-pantheon.org\/?p=3416"},"modified":"2024-01-30T13:45:57","modified_gmt":"2024-01-30T12:45:57","slug":"missak-manouchian-apatride-mais-francais-par-le-sang-verse","status":"publish","type":"post","link":"https:\/\/manouchian-au-pantheon.org\/index.php\/2022\/03\/07\/missak-manouchian-apatride-mais-francais-par-le-sang-verse\/","title":{"rendered":"Missak Manouchian, apatride mais Fran\u00e7ais par le sang vers\u00e9."},"content":{"rendered":"\n<p class=\"has-medium-font-size\"><strong><em>Notre deuxi\u00e8me tribune dans \u00ab\u00a0Lib\u00e9ration\u00a0\u00bb<\/em><\/strong><\/p>\n\n\n\n<p class=\"has-medium-font-size\"><strong><a href=\"https:\/\/www.liberation.fr\/idees-et-debats\/missak-manouchian-apatride-mais-francais-par-le-sang-verse-20220221_FJWX4CPPQRDFBNFWITYD5W5IFU\/\">Eve Szeftel, <\/a><br><a href=\"https:\/\/www.liberation.fr\/idees-et-debats\/missak-manouchian-apatride-mais-francais-par-le-sang-verse-20220221_FJWX4CPPQRDFBNFWITYD5W5IFU\/\">Lib\u00e9ration,<br>21 f\u00e9vrier 2022<\/a><\/strong><\/p>\n\n\n\n<figure class=\"wp-block-image size-large\"><img loading=\"lazy\" decoding=\"async\" width=\"797\" height=\"1024\" src=\"https:\/\/manouchian-au-pantheon.org\/wp-content\/uploads\/2022\/03\/liberation-missak-manouchian-apatride-mais-francais-par-le-sang-verse-2022-02-21-797x1024.jpg\" alt=\"\" class=\"wp-image-3415\" srcset=\"https:\/\/manouchian-au-pantheon.org\/wp-content\/uploads\/2022\/03\/liberation-missak-manouchian-apatride-mais-francais-par-le-sang-verse-2022-02-21-797x1024.jpg 797w, https:\/\/manouchian-au-pantheon.org\/wp-content\/uploads\/2022\/03\/liberation-missak-manouchian-apatride-mais-francais-par-le-sang-verse-2022-02-21-233x300.jpg 233w, https:\/\/manouchian-au-pantheon.org\/wp-content\/uploads\/2022\/03\/liberation-missak-manouchian-apatride-mais-francais-par-le-sang-verse-2022-02-21-768x987.jpg 768w, https:\/\/manouchian-au-pantheon.org\/wp-content\/uploads\/2022\/03\/liberation-missak-manouchian-apatride-mais-francais-par-le-sang-verse-2022-02-21-19x24.jpg 19w, https:\/\/manouchian-au-pantheon.org\/wp-content\/uploads\/2022\/03\/liberation-missak-manouchian-apatride-mais-francais-par-le-sang-verse-2022-02-21-28x36.jpg 28w, https:\/\/manouchian-au-pantheon.org\/wp-content\/uploads\/2022\/03\/liberation-missak-manouchian-apatride-mais-francais-par-le-sang-verse-2022-02-21-37x48.jpg 37w, https:\/\/manouchian-au-pantheon.org\/wp-content\/uploads\/2022\/03\/liberation-missak-manouchian-apatride-mais-francais-par-le-sang-verse-2022-02-21.jpg 1059w\" sizes=\"auto, (max-width: 797px) 100vw, 797px\" \/><\/figure>\n\n\n\n<p><strong><a href=\"https:\/\/manouchian-au-pantheon.org\/wp-content\/uploads\/2022\/02\/liberation-missak-manouchian-apatride-mais-francais-par-le-sang-verse-2022-02-21.pdf\">T\u00e9l\u00e9charger en PDF<\/a><\/strong><\/p>\n","protected":false},"excerpt":{"rendered":"<p>Notre deuxi\u00e8me tribune dans \u00ab\u00a0Lib\u00e9ration\u00a0\u00bb Eve Szeftel, Lib\u00e9ration,21 f\u00e9vrier 2022 T\u00e9l\u00e9charger en PDF<\/p>\n","protected":false},"author":7,"featured_media":0,"comment_status":"closed","ping_status":"closed","sticky":false,"template":"","format":"standard","meta":{"footnotes":""},"categories":[34],"tags":[],"class_list":["post-3416","post","type-post","status-publish","format-standard","hentry","category-presse-medias-work"],"_links":{"self":[{"href":"https:\/\/manouchian-au-pantheon.org\/index.php\/wp-json\/wp\/v2\/posts\/3416","targetHints":{"allow":["GET"]}}],"collection":[{"href":"https:\/\/manouchian-au-pantheon.org\/index.php\/wp-json\/wp\/v2\/posts"}],"about":[{"href":"https:\/\/manouchian-au-pantheon.org\/index.php\/wp-json\/wp\/v2\/types\/post"}],"author":[{"embeddable":true,"href":"https:\/\/manouchian-au-pantheon.org\/index.php\/wp-json\/wp\/v2\/users\/7"}],"replies":[{"embeddable":true,"href":"https:\/\/manouchian-au-pantheon.org\/index.php\/wp-json\/wp\/v2\/comments?post=3416"}],"version-history":[{"count":6,"href":"https:\/\/manouchian-au-pantheon.org\/index.php\/wp-json\/wp\/v2\/posts\/3416\/revisions"}],"predecessor-version":[{"id":3776,"href":"https:\/\/manouchian-au-pantheon.org\/index.php\/wp-json\/wp\/v2\/posts\/3416\/revisions\/3776"}],"wp:attachment":[{"href":"https:\/\/manouchian-au-pantheon.org\/index.php\/wp-json\/wp\/v2\/media?parent=3416"}],"wp:term":[{"taxonomy":"category","embeddable":true,"href":"https:\/\/manouchian-au-pantheon.org\/index.php\/wp-json\/wp\/v2\/categories?post=3416"},{"taxonomy":"post_tag","embeddable":true,"href":"https:\/\/manouchian-au-pantheon.org\/index.php\/wp-json\/wp\/v2\/tags?post=3416"}],"curies":[{"name":"wp","href":"https:\/\/api.w.org\/{rel}","templated":true}]}}