{"id":3519,"date":"2022-04-04T11:00:40","date_gmt":"2022-04-04T09:00:40","guid":{"rendered":"https:\/\/manouchian-au-pantheon.org\/?p=3519"},"modified":"2024-01-30T13:47:04","modified_gmt":"2024-01-30T12:47:04","slug":"emmanuel-macron-a-propos-de-manouchian-au-pantheon-je-pense-que-cest-une-tres-grande-figure-et-que-cela-a-beaucoup-de-sens","status":"publish","type":"post","link":"https:\/\/manouchian-au-pantheon.org\/index.php\/2022\/04\/04\/emmanuel-macron-a-propos-de-manouchian-au-pantheon-je-pense-que-cest-une-tres-grande-figure-et-que-cela-a-beaucoup-de-sens\/","title":{"rendered":"Emmanuel Macron \u00e0 propos de Manouchian au Panth\u00e9on : \u00ab Je pense que c\u2019est une tr\u00e8s grande figure et que cela a beaucoup de sens \u00bb"},"content":{"rendered":"\n<p>Emmanuel Macron, le 4 avril 2022 au micro de L\u00e9a Salam\u00e9 et Nicolas Demorand, dans l\u2019\u00e9mission \u00ab&nbsp;Le 7\/9&nbsp;\u00bb de France Inter a r\u00e9pondu \u00e0 une question directe de la journaliste \u00e0 propos de l\u2019entr\u00e9e de Missak Manouchian au Panth\u00e9on.<\/p>\n\n\n\n<p>Ne pouvant prendre d&rsquo;engagement au micro, il a cependant clairement laiss\u00e9 entendre ce qu&rsquo;il en pense : <strong><em>\u00ab Je pense que c\u2019est une tr\u00e8s grande figure et que cela a beaucoup de sens \u00bb. <\/em><\/strong>Avant cela, L\u00e9a Salam\u00e9 disait que son sourire valait en quelque sorte confirmation.<\/p>\n\n\n\n<!--more-->\n\n\n\n<p>Merci \u00e0 elle d&rsquo;avoir pos\u00e9 cette question d\u00e9j\u00e0 \u00e9voqu\u00e9e sur Europe 1 et dans Lib\u00e9ration ces derniers jours.<\/p>\n\n\n\n<p>Le comit\u00e9 pour \u00ab\u00a0Missak Manouchian au Panth\u00e9on, compos\u00e9 de jean-Pierre Sakoun, pr\u00e9sident d\u2019Unit\u00e9 La\u00efque, Nicolas Daragon, maire de Valence, tous deux initiateurs de la d\u00e9marche, de Denis Peschanski, conseiller historique du projet, et de Katia Guiragossian, petite-ni\u00e8ce de Missak et M\u00e9lin\u00e9e, avait \u00e9t\u00e9 re\u00e7u le 30 mars par le conseiller \u00ab\u00a0m\u00e9moire\u00a0\u00bb du pr\u00e9sident, Bruno Roger-Petit. L&rsquo;entretien avait \u00e9t\u00e9 long, riche et fructueux.<\/p>\n\n\n\n<p>Le candidat Emmanuel Macron a laiss\u00e9 clairement entendre ce que le pr\u00e9sident ferait s&rsquo;il \u00e9tait r\u00e9\u00e9lu. C&rsquo;est un moment tr\u00e8s fort pour tous ceux qui ont port\u00e9 cette demande et, bien s\u00fbr, pour tous les h\u00e9ritiers des combattants \u00e9trangers qui se sont engag\u00e9s dans la R\u00e9sistance jusqu&rsquo;\u00e0 donner leur vie.<\/p>\n\n\n\n<figure class=\"wp-block-embed is-type-rich is-provider-prise-en-charge-des-contenus-embarqu-s wp-block-embed-prise-en-charge-des-contenus-embarqu-s\"><div class=\"wp-block-embed__wrapper\">\n<div style=\"width: 640px;\" class=\"wp-video\"><video class=\"wp-video-shortcode\" id=\"video-3519-1\" width=\"640\" height=\"360\" preload=\"metadata\" controls=\"controls\"><source type=\"video\/mp4\" src=\"https:\/\/manouchian-au-pantheon.org\/wp-content\/uploads\/2022\/04\/RPReplay_Final1649068447.mp4?_=1\" \/><a href=\"https:\/\/manouchian-au-pantheon.org\/wp-content\/uploads\/2022\/04\/RPReplay_Final1649068447.mp4\">https:\/\/manouchian-au-pantheon.org\/wp-content\/uploads\/2022\/04\/RPReplay_Final1649068447.mp4<\/a><\/video><\/div>\n<\/div><\/figure>\n","protected":false},"excerpt":{"rendered":"<p>Emmanuel Macron, le 4 avril 2022 au micro de L\u00e9a Salam\u00e9 et Nicolas Demorand, dans l\u2019\u00e9mission \u00ab&nbsp;Le 7\/9&nbsp;\u00bb de France Inter a r\u00e9pondu \u00e0 une question directe de la journaliste \u00e0 propos de l\u2019entr\u00e9e de Missak Manouchian au Panth\u00e9on. Ne pouvant prendre d&rsquo;engagement au micro, il a cependant clairement laiss\u00e9 entendre ce qu&rsquo;il en pense [&hellip;]<\/p>\n","protected":false},"author":3,"featured_media":0,"comment_status":"closed","ping_status":"closed","sticky":false,"template":"","format":"standard","meta":{"footnotes":""},"categories":[33],"tags":[],"class_list":["post-3519","post","type-post","status-publish","format-standard","hentry","category-vers-la-pantheonisation"],"_links":{"self":[{"href":"https:\/\/manouchian-au-pantheon.org\/index.php\/wp-json\/wp\/v2\/posts\/3519","targetHints":{"allow":["GET"]}}],"collection":[{"href":"https:\/\/manouchian-au-pantheon.org\/index.php\/wp-json\/wp\/v2\/posts"}],"about":[{"href":"https:\/\/manouchian-au-pantheon.org\/index.php\/wp-json\/wp\/v2\/types\/post"}],"author":[{"embeddable":true,"href":"https:\/\/manouchian-au-pantheon.org\/index.php\/wp-json\/wp\/v2\/users\/3"}],"replies":[{"embeddable":true,"href":"https:\/\/manouchian-au-pantheon.org\/index.php\/wp-json\/wp\/v2\/comments?post=3519"}],"version-history":[{"count":7,"href":"https:\/\/manouchian-au-pantheon.org\/index.php\/wp-json\/wp\/v2\/posts\/3519\/revisions"}],"predecessor-version":[{"id":4330,"href":"https:\/\/manouchian-au-pantheon.org\/index.php\/wp-json\/wp\/v2\/posts\/3519\/revisions\/4330"}],"wp:attachment":[{"href":"https:\/\/manouchian-au-pantheon.org\/index.php\/wp-json\/wp\/v2\/media?parent=3519"}],"wp:term":[{"taxonomy":"category","embeddable":true,"href":"https:\/\/manouchian-au-pantheon.org\/index.php\/wp-json\/wp\/v2\/categories?post=3519"},{"taxonomy":"post_tag","embeddable":true,"href":"https:\/\/manouchian-au-pantheon.org\/index.php\/wp-json\/wp\/v2\/tags?post=3519"}],"curies":[{"name":"wp","href":"https:\/\/api.w.org\/{rel}","templated":true}]}}