{"id":3527,"date":"2022-03-31T11:08:00","date_gmt":"2022-03-31T09:08:00","guid":{"rendered":"https:\/\/manouchian-au-pantheon.org\/?p=3527"},"modified":"2024-01-30T13:46:50","modified_gmt":"2024-01-30T12:46:50","slug":"le-comite-pour-missak-manouchian-au-pantheon-recu-a-lelysee","status":"publish","type":"post","link":"https:\/\/manouchian-au-pantheon.org\/index.php\/2022\/03\/31\/le-comite-pour-missak-manouchian-au-pantheon-recu-a-lelysee\/","title":{"rendered":"Le comit\u00e9 pour Missak Manouchian au Panth\u00e9on re\u00e7u \u00e0 l&rsquo;Elys\u00e9e"},"content":{"rendered":"\n<p class=\"has-medium-font-size\"><strong>Une \u00e9tape d\u00e9cisive a \u00e9t\u00e9 franchie<\/strong><\/p>\n\n\n\n<p><em>#missakmanouchianaupantheon<\/em><\/p>\n\n\n\n<p><em>#etceserajustice<\/em><em><\/em><\/p>\n\n\n\n<p>Le 30 mars 2022, Nicolas Daragon, maire de Valence et Jean-Pierre Sakoun, pr\u00e9sident d\u2019Unit\u00e9 La\u00efque, promoteurs de l\u2019initiative pour le transfert des cendres de Missak Manouchian au Panth\u00e9on, accompagn\u00e9s de Denis Peschanski, conseiller historique de la d\u00e9marche et de Katia Guiragossian, petite-ni\u00e8ce de M\u00e9lin\u00e9e et Missak Manouchian, ont rencontr\u00e9 M. Bruno Roger-Petit, conseiller \u00e0 la M\u00e9moire du pr\u00e9sident de la R\u00e9publique.<\/p>\n\n\n\n<p>Celui-ci a confirm\u00e9 que, comme cela avait \u00e9t\u00e9 indiqu\u00e9 par Europe 1, le pr\u00e9sident de la R\u00e9publique songeait \u00e0 faire entrer Missak Manouchian au Panth\u00e9on. Dans cette perspective qu\u2019il a demand\u00e9 \u00e0 M. Bruno Roger-Petit de recevoir le Comit\u00e9.<\/p>\n\n\n\n<p>Tous les participants se sont f\u00e9licit\u00e9s de la qualit\u00e9 de cette rencontre, longue, constructive et amicale et ont pr\u00e9vu de se revoir rapidement.<\/p>\n\n\n\n<p>Depuis, le quotidien Lib\u00e9ration a annonc\u00e9 que l\u2019\u00c9lys\u00e9e songerait \u00e0 une entr\u00e9e au Panth\u00e9on le 21 f\u00e9vrier 2024, \u00e0 l\u2019occasion de la comm\u00e9moration du 80<sup>e<\/sup> anniversaire de l\u2019ex\u00e9cution de Missak Manouchian et de vingt-et-un de ses compagnons au Mont-Val\u00e9rien.<\/p>\n\n\n\n<p>Dans les semaines qui viennent, le Comit\u00e9 va continuer son travail de popularisation de cette initiative r\u00e9publicaine, la\u00efque, universaliste, ferment d\u2019unit\u00e9 nationale.<\/p>\n","protected":false},"excerpt":{"rendered":"<p>Une \u00e9tape d\u00e9cisive a \u00e9t\u00e9 franchie #missakmanouchianaupantheon #etceserajustice Le 30 mars 2022, Nicolas Daragon, maire de Valence et Jean-Pierre Sakoun, pr\u00e9sident d\u2019Unit\u00e9 La\u00efque, promoteurs de l\u2019initiative pour le transfert des cendres de Missak Manouchian au Panth\u00e9on, accompagn\u00e9s de Denis Peschanski, conseiller historique de la d\u00e9marche et de Katia Guiragossian, petite-ni\u00e8ce de M\u00e9lin\u00e9e et Missak Manouchian, [&hellip;]<\/p>\n","protected":false},"author":7,"featured_media":0,"comment_status":"closed","ping_status":"closed","sticky":false,"template":"","format":"standard","meta":{"footnotes":""},"categories":[33],"tags":[],"class_list":["post-3527","post","type-post","status-publish","format-standard","hentry","category-vers-la-pantheonisation"],"_links":{"self":[{"href":"https:\/\/manouchian-au-pantheon.org\/index.php\/wp-json\/wp\/v2\/posts\/3527","targetHints":{"allow":["GET"]}}],"collection":[{"href":"https:\/\/manouchian-au-pantheon.org\/index.php\/wp-json\/wp\/v2\/posts"}],"about":[{"href":"https:\/\/manouchian-au-pantheon.org\/index.php\/wp-json\/wp\/v2\/types\/post"}],"author":[{"embeddable":true,"href":"https:\/\/manouchian-au-pantheon.org\/index.php\/wp-json\/wp\/v2\/users\/7"}],"replies":[{"embeddable":true,"href":"https:\/\/manouchian-au-pantheon.org\/index.php\/wp-json\/wp\/v2\/comments?post=3527"}],"version-history":[{"count":1,"href":"https:\/\/manouchian-au-pantheon.org\/index.php\/wp-json\/wp\/v2\/posts\/3527\/revisions"}],"predecessor-version":[{"id":3528,"href":"https:\/\/manouchian-au-pantheon.org\/index.php\/wp-json\/wp\/v2\/posts\/3527\/revisions\/3528"}],"wp:attachment":[{"href":"https:\/\/manouchian-au-pantheon.org\/index.php\/wp-json\/wp\/v2\/media?parent=3527"}],"wp:term":[{"taxonomy":"category","embeddable":true,"href":"https:\/\/manouchian-au-pantheon.org\/index.php\/wp-json\/wp\/v2\/categories?post=3527"},{"taxonomy":"post_tag","embeddable":true,"href":"https:\/\/manouchian-au-pantheon.org\/index.php\/wp-json\/wp\/v2\/tags?post=3527"}],"curies":[{"name":"wp","href":"https:\/\/api.w.org\/{rel}","templated":true}]}}