{"id":3648,"date":"2022-04-26T14:53:36","date_gmt":"2022-04-26T12:53:36","guid":{"rendered":"https:\/\/manouchian-au-pantheon.org\/?p=3648"},"modified":"2024-01-30T13:48:14","modified_gmt":"2024-01-30T12:48:14","slug":"le-maire-de-marseille-rejoint-les-grands-elus-qui-soutiennent-notre-initiative-pour-lentree-de-missak-manouchian-au-pantheon","status":"publish","type":"post","link":"https:\/\/manouchian-au-pantheon.org\/index.php\/2022\/04\/26\/le-maire-de-marseille-rejoint-les-grands-elus-qui-soutiennent-notre-initiative-pour-lentree-de-missak-manouchian-au-pantheon\/","title":{"rendered":"Le Maire de Marseille rejoint les grands \u00e9lus qui soutiennent notre initiative pour l&rsquo;entr\u00e9e de Missak Manouchian au Panth\u00e9on &#8211; europe1"},"content":{"rendered":"\n<p class=\"has-medium-font-size\"><a href=\"https:\/\/www.europe1.fr\/societe\/le-maire-de-marseille-appelle-a-faire-entrer-le-resistant-missak-manouchian-au-pantheon-4107509\">Le<strong> maire de la ville embl\u00e9matique de l&rsquo;accueil des Arm\u00e9niens en France soutient l&rsquo;initiative pour l&rsquo;entr\u00e9e de Missak Maouchian au Panth\u00e9on<\/strong><\/a><\/p>\n\n\n<div class=\"wp-block-image\">\n<figure class=\"aligncenter size-large is-resized\"><a href=\"https:\/\/www.europe1.fr\/societe\/le-maire-de-marseille-appelle-a-faire-entrer-le-resistant-missak-manouchian-au-pantheon-4107509\"><img loading=\"lazy\" decoding=\"async\" src=\"https:\/\/manouchian-au-pantheon.org\/wp-content\/uploads\/2022\/04\/20220424-Maire-Marseille-1024x704.jpg\" alt=\"\" class=\"wp-image-3647\" width=\"1115\" height=\"766\" srcset=\"https:\/\/manouchian-au-pantheon.org\/wp-content\/uploads\/2022\/04\/20220424-Maire-Marseille-1024x704.jpg 1024w, https:\/\/manouchian-au-pantheon.org\/wp-content\/uploads\/2022\/04\/20220424-Maire-Marseille-300x206.jpg 300w, https:\/\/manouchian-au-pantheon.org\/wp-content\/uploads\/2022\/04\/20220424-Maire-Marseille-768x528.jpg 768w, https:\/\/manouchian-au-pantheon.org\/wp-content\/uploads\/2022\/04\/20220424-Maire-Marseille-24x17.jpg 24w, https:\/\/manouchian-au-pantheon.org\/wp-content\/uploads\/2022\/04\/20220424-Maire-Marseille-36x25.jpg 36w, https:\/\/manouchian-au-pantheon.org\/wp-content\/uploads\/2022\/04\/20220424-Maire-Marseille-48x33.jpg 48w, https:\/\/manouchian-au-pantheon.org\/wp-content\/uploads\/2022\/04\/20220424-Maire-Marseille.jpg 1415w\" sizes=\"auto, (max-width: 1115px) 100vw, 1115px\" \/><\/a><\/figure>\n<\/div>","protected":false},"excerpt":{"rendered":"<p>Le maire de la ville embl\u00e9matique de l&rsquo;accueil des Arm\u00e9niens en France soutient l&rsquo;initiative pour l&rsquo;entr\u00e9e de Missak Maouchian au Panth\u00e9on<\/p>\n","protected":false},"author":7,"featured_media":0,"comment_status":"closed","ping_status":"closed","sticky":false,"template":"","format":"standard","meta":{"footnotes":""},"categories":[34],"tags":[],"class_list":["post-3648","post","type-post","status-publish","format-standard","hentry","category-presse-medias-work"],"_links":{"self":[{"href":"https:\/\/manouchian-au-pantheon.org\/index.php\/wp-json\/wp\/v2\/posts\/3648","targetHints":{"allow":["GET"]}}],"collection":[{"href":"https:\/\/manouchian-au-pantheon.org\/index.php\/wp-json\/wp\/v2\/posts"}],"about":[{"href":"https:\/\/manouchian-au-pantheon.org\/index.php\/wp-json\/wp\/v2\/types\/post"}],"author":[{"embeddable":true,"href":"https:\/\/manouchian-au-pantheon.org\/index.php\/wp-json\/wp\/v2\/users\/7"}],"replies":[{"embeddable":true,"href":"https:\/\/manouchian-au-pantheon.org\/index.php\/wp-json\/wp\/v2\/comments?post=3648"}],"version-history":[{"count":2,"href":"https:\/\/manouchian-au-pantheon.org\/index.php\/wp-json\/wp\/v2\/posts\/3648\/revisions"}],"predecessor-version":[{"id":4028,"href":"https:\/\/manouchian-au-pantheon.org\/index.php\/wp-json\/wp\/v2\/posts\/3648\/revisions\/4028"}],"wp:attachment":[{"href":"https:\/\/manouchian-au-pantheon.org\/index.php\/wp-json\/wp\/v2\/media?parent=3648"}],"wp:term":[{"taxonomy":"category","embeddable":true,"href":"https:\/\/manouchian-au-pantheon.org\/index.php\/wp-json\/wp\/v2\/categories?post=3648"},{"taxonomy":"post_tag","embeddable":true,"href":"https:\/\/manouchian-au-pantheon.org\/index.php\/wp-json\/wp\/v2\/tags?post=3648"}],"curies":[{"name":"wp","href":"https:\/\/api.w.org\/{rel}","templated":true}]}}