{"id":3708,"date":"2022-12-14T15:32:51","date_gmt":"2022-12-14T14:32:51","guid":{"rendered":"https:\/\/manouchian-au-pantheon.org\/?p=3708"},"modified":"2024-01-30T13:48:24","modified_gmt":"2024-01-30T12:48:24","slug":"les-etrangers-dans-la-resistance-vers-lentree-au-pantheon-de-missak-manouchian","status":"publish","type":"post","link":"https:\/\/manouchian-au-pantheon.org\/index.php\/2022\/12\/14\/les-etrangers-dans-la-resistance-vers-lentree-au-pantheon-de-missak-manouchian\/","title":{"rendered":"Les \u00e9trangers dans la R\u00e9sistance. Vers l\u2019entr\u00e9e au Panth\u00e9on de Missak Manouchian"},"content":{"rendered":"\n<p class=\"has-text-color has-large-font-size\" style=\"color:#1d558c\"><strong>Colloque national organis\u00e9 par Unit\u00e9 La\u00efque<\/strong><\/p>\n\n\n\n<p class=\"has-vivid-red-color has-text-color has-large-font-size\"><strong><em>Ev\u00e9nement complet. Inscriptions closes<\/em><\/strong> <\/p>\n\n\n\n<p class=\"has-vivid-red-color has-text-color has-medium-font-size\"><a href=\"https:\/\/docs.google.com\/forms\/d\/e\/1FAIpQLSdCbVRIKauqqy47MJZ11bnHMcV_6HMes7_pejSmUb-s8zUr-A\/viewform?vc=0&amp;c=0&amp;w=1&amp;flr=0\"><strong>Inscrivez-vous au colloque en suivant ce lien<\/strong><\/a><\/p>\n\n\n\n<p class=\"has-medium-font-size\"><strong>Samedi 18 f\u00e9vrier 2023 &#8211; 9h30 \u2013 17h30<\/strong><\/p>\n\n\n\n<p class=\"has-medium-font-size\"><strong>Palais du Luxembourg, Salle M\u00e9dicis<\/strong><\/p>\n\n\n<div class=\"wp-block-image\">\n<figure class=\"alignleft size-large is-resized\"><img loading=\"lazy\" decoding=\"async\" src=\"https:\/\/manouchian-au-pantheon.org\/wp-content\/uploads\/2022\/12\/20221213-MM-AFFICHE-FINALE-724x1024.jpg\" alt=\"\" class=\"wp-image-3707\" width=\"300\" height=\"424\" srcset=\"https:\/\/manouchian-au-pantheon.org\/wp-content\/uploads\/2022\/12\/20221213-MM-AFFICHE-FINALE-724x1024.jpg 724w, https:\/\/manouchian-au-pantheon.org\/wp-content\/uploads\/2022\/12\/20221213-MM-AFFICHE-FINALE-212x300.jpg 212w, https:\/\/manouchian-au-pantheon.org\/wp-content\/uploads\/2022\/12\/20221213-MM-AFFICHE-FINALE-768x1086.jpg 768w, https:\/\/manouchian-au-pantheon.org\/wp-content\/uploads\/2022\/12\/20221213-MM-AFFICHE-FINALE-1086x1536.jpg 1086w, https:\/\/manouchian-au-pantheon.org\/wp-content\/uploads\/2022\/12\/20221213-MM-AFFICHE-FINALE-1448x2048.jpg 1448w, https:\/\/manouchian-au-pantheon.org\/wp-content\/uploads\/2022\/12\/20221213-MM-AFFICHE-FINALE-17x24.jpg 17w, https:\/\/manouchian-au-pantheon.org\/wp-content\/uploads\/2022\/12\/20221213-MM-AFFICHE-FINALE-25x36.jpg 25w, https:\/\/manouchian-au-pantheon.org\/wp-content\/uploads\/2022\/12\/20221213-MM-AFFICHE-FINALE-34x48.jpg 34w, https:\/\/manouchian-au-pantheon.org\/wp-content\/uploads\/2022\/12\/20221213-MM-AFFICHE-FINALE-scaled.jpg 1811w\" sizes=\"auto, (max-width: 300px) 100vw, 300px\" \/><\/figure>\n<\/div>\n\n\n<p><br><br>Durant la Seconde Guerre mondiale, les \u00e9trangers ont occup\u00e9 une place d\u00e9cisive dans la r\u00e9sistance au nazisme. Venus en France pour des raisons \u00e9conomiques ou politiques, Italiens antifascistes, Espagnols r\u00e9publicains, Arm\u00e9niens rescap\u00e9s du g\u00e9nocide, Juifs d\u2019Allemagne et d\u2019Europe centrale menac\u00e9s par les pogroms, se sont battus pour le pays qui les avait accueillis. Leur engagement et leur lutte, leur histoire et leur m\u00e9moire ont fait l\u2019objet de livres, films de fiction, documentaires, chansons, bandes dessin\u00e9es, expositions, colloques en France comme \u00e0 l\u2019\u00e9tranger.<\/p>\n\n\n\n<p>Le colloque <strong>Les \u00e9trangers dans la R\u00e9sistance. Vers l\u2019entr\u00e9e au Panth\u00e9on de Missak Manouchian<\/strong> se propose d\u2019interroger la reconnaissance institutionnelle de leur engagement. Cette approche sera centr\u00e9e sur la figure de Missak Manouchian, arm\u00e9nien, n\u00e9 en 1906, rescap\u00e9 du g\u00e9nocide de 1915, immigr\u00e9 en France en 1925, ouvrier et po\u00e8te, militant communiste et antifasciste. Engag\u00e9 dans l\u2019arm\u00e9e fran\u00e7aise en 1939, entr\u00e9 dans la R\u00e9sistance en 1941, il devient en ao\u00fbt 1943 le chef militaire des FTP-MOI de la r\u00e9gion parisienne que les Allemands voudront frapper d\u2019infamie, en les r\u00e9unissant sur cette \u00ab Affiche rouge \u00bb qui les rendra immortels. Fusill\u00e9 le 21 f\u00e9vrier 1944, il meurt \u00ab en soldat r\u00e9gulier de l\u2019Arm\u00e9e fran\u00e7aise de la Lib\u00e9ration \u00bb. Le r\u00e9sistant arm\u00e9nien, figure embl\u00e9matique de l\u2019unit\u00e9 et de l\u2019universalit\u00e9 de la R\u00e9publique, est l\u2019une des silhouettes les plus nettes du \u00ab long cort\u00e8ge d\u2019ombres \u00bb c\u00e9l\u00e9br\u00e9 par Andr\u00e9 Malraux.<\/p>\n\n\n\n<p><br><br>Le colloque du 18 f\u00e9vrier 2023, parrain\u00e9 par le s\u00e9nateur Pierre Ouzoulias et plac\u00e9 sous la responsabilit\u00e9 scientifique de Denis Peschanski, directeur de recherche au CNRS et conseiller historique de l\u2019initiative, donnera la parole \u00e0 des universitaires et des personnalit\u00e9s politiques. Il est organis\u00e9 en trois sessions : Les \u00e9trangers dans la R\u00e9sistance ; La m\u00e9moire de la R\u00e9sistance des \u00e9trangers ; Regards politiques sur la m\u00e9moire de la R\u00e9sistance et l\u2019entr\u00e9e au Panth\u00e9on de Missak Manouchian. La parole sera \u00e9galement donn\u00e9e \u00e0 Katia Guiragossian, petite-ni\u00e8ce de M\u00e9lin\u00e9e et Missak Manouchian, qui l\u00e8vera le voile sur les archives familiales in\u00e9dites du grand r\u00e9sistant.<\/p>\n\n\n\n<p class=\"has-medium-font-size\"><strong>En partenariat avec<\/strong><\/p>\n\n\n\n<figure class=\"wp-block-image size-large is-resized\"><img loading=\"lazy\" decoding=\"async\" src=\"https:\/\/manouchian-au-pantheon.org\/wp-content\/uploads\/2023\/02\/MIN_Armees_CMJN-1-1024x922.jpg\" alt=\"\" class=\"wp-image-3907\" width=\"118\" height=\"106\" srcset=\"https:\/\/manouchian-au-pantheon.org\/wp-content\/uploads\/2023\/02\/MIN_Armees_CMJN-1-1024x922.jpg 1024w, https:\/\/manouchian-au-pantheon.org\/wp-content\/uploads\/2023\/02\/MIN_Armees_CMJN-1-300x270.jpg 300w, https:\/\/manouchian-au-pantheon.org\/wp-content\/uploads\/2023\/02\/MIN_Armees_CMJN-1-768x691.jpg 768w, https:\/\/manouchian-au-pantheon.org\/wp-content\/uploads\/2023\/02\/MIN_Armees_CMJN-1-1536x1383.jpg 1536w, https:\/\/manouchian-au-pantheon.org\/wp-content\/uploads\/2023\/02\/MIN_Armees_CMJN-1-2048x1844.jpg 2048w, https:\/\/manouchian-au-pantheon.org\/wp-content\/uploads\/2023\/02\/MIN_Armees_CMJN-1-24x22.jpg 24w, https:\/\/manouchian-au-pantheon.org\/wp-content\/uploads\/2023\/02\/MIN_Armees_CMJN-1-36x32.jpg 36w, https:\/\/manouchian-au-pantheon.org\/wp-content\/uploads\/2023\/02\/MIN_Armees_CMJN-1-48x43.jpg 48w\" sizes=\"auto, (max-width: 118px) 100vw, 118px\" \/><\/figure>\n\n\n\n<figure class=\"wp-block-image size-large is-resized\"><img loading=\"lazy\" decoding=\"async\" src=\"https:\/\/manouchian-au-pantheon.org\/wp-content\/uploads\/2023\/02\/Logo-R2M-orange-RVB-1-1024x833.jpg\" alt=\"\" class=\"wp-image-3911\" width=\"96\" height=\"78\" srcset=\"https:\/\/manouchian-au-pantheon.org\/wp-content\/uploads\/2023\/02\/Logo-R2M-orange-RVB-1-1024x833.jpg 1024w, https:\/\/manouchian-au-pantheon.org\/wp-content\/uploads\/2023\/02\/Logo-R2M-orange-RVB-1-300x244.jpg 300w, https:\/\/manouchian-au-pantheon.org\/wp-content\/uploads\/2023\/02\/Logo-R2M-orange-RVB-1-768x625.jpg 768w, https:\/\/manouchian-au-pantheon.org\/wp-content\/uploads\/2023\/02\/Logo-R2M-orange-RVB-1-1536x1249.jpg 1536w, https:\/\/manouchian-au-pantheon.org\/wp-content\/uploads\/2023\/02\/Logo-R2M-orange-RVB-1-2048x1666.jpg 2048w, https:\/\/manouchian-au-pantheon.org\/wp-content\/uploads\/2023\/02\/Logo-R2M-orange-RVB-1-24x20.jpg 24w, https:\/\/manouchian-au-pantheon.org\/wp-content\/uploads\/2023\/02\/Logo-R2M-orange-RVB-1-36x29.jpg 36w, https:\/\/manouchian-au-pantheon.org\/wp-content\/uploads\/2023\/02\/Logo-R2M-orange-RVB-1-48x39.jpg 48w\" sizes=\"auto, (max-width: 96px) 100vw, 96px\" \/><\/figure>\n\n\n\n<p><\/p>\n\n\n\n<p class=\"has-text-align-left\"><strong><em>PROGRAMME DU COLLOQUE<\/em><\/strong><\/p>\n\n\n\n<p><strong>Matin\u00e9e \u2013 9h30-12h15<\/strong><\/p>\n\n\n\n<p><strong>9h30-10h00 : Ouverture<\/strong><\/p>\n\n\n\n<p><strong>par Pierre Ouzoulias<\/strong>, s\u00e9nateur, repr\u00e9sentant le Pr\u00e9sident du S\u00e9nat, <strong>Nicolas Daragon<\/strong>, maire de Valence et<strong> Jean-Pierre Sakoun, <\/strong>pr\u00e9sident d\u2019Unit\u00e9 la\u00efque.<\/p>\n\n\n\n<p><strong>10h00-10h15 <\/strong><strong>:<\/strong> <strong>Allocution<\/strong><\/p>\n\n\n\n<p>Madame <strong>Hasmik Tolmajian<\/strong>, ambassadrice de la R\u00e9publique d\u2019Arm\u00e9nie en France.<\/p>\n\n\n\n<p><strong>10h15-10h30 : Allocution<\/strong><\/p>\n\n\n\n<p>Madame <strong>Patricia Miralles<\/strong>, secr\u00e9taire d&rsquo;\u00c9tat aupr\u00e8s du ministre des Arm\u00e9es, charg\u00e9e des Anciens combattants et de la M\u00e9moire.<\/p>\n\n\n\n<p><strong>10h30-12h15&nbsp;: <\/strong><strong>Les \u00e9trangers dans la R\u00e9sistance (1<sup>\u00e8re<\/sup> partie)<\/strong><\/p>\n\n\n\n<p><strong>Pr\u00e9sident de s\u00e9ance&nbsp;: Pierre Ouzoulias<\/strong>, s\u00e9nateur<\/p>\n\n\n\n<ul class=\"wp-block-list\">\n<li><strong>Les \u00c9trangers dans la R\u00e9sistance. <\/strong>Introduction par <strong>Denis Peschanski, <\/strong>directeur de recherche au CNRS, responsable scientifique de l\u2019initiative Missak Manouchian au Panth\u00e9on&nbsp;;<\/li>\n\n\n\n<li><strong>Les Arm\u00e9niens dans la R\u00e9sistance int\u00e9rieure<\/strong>, par<strong> Astrig Atamian<\/strong>, chercheuse associ\u00e9e au CERCEC (Centre d&rsquo;\u00e9tudes des mondes russe, caucasien et centre europ\u00e9en), EHESS&nbsp;;<\/li>\n\n\n\n<li><strong>Les Juifs \u00e9trangers dans la R\u00e9sistance, par Ren\u00e9e Poznanski, <\/strong>professeur \u00e9m\u00e9rite \u00e0 l&rsquo;Universit\u00e9 Ben Gourion du N\u00e9guev&nbsp;;&nbsp;<\/li>\n\n\n\n<li><strong>La r\u00e9pression et la d\u00e9portation des r\u00e9sistants \u00e9trangers<\/strong>, par<strong> Thomas Fontaine<\/strong>, directeur des projets du Mus\u00e9e de la R\u00e9sistance nationale.<\/li>\n<\/ul>\n\n\n\n<p><strong>Apr\u00e8s-midi \u2013 14h15-17h30<\/strong><\/p>\n\n\n\n<p><strong>14h15-15h : Les \u00e9trangers dans la R\u00e9sistance (2<sup>\u00e8me<\/sup> partie)<\/strong><\/p>\n\n\n\n<ul class=\"wp-block-list\">\n<li><strong>Les \u00e9trangers dans la France libre<\/strong>, par<strong> Jean-Fran\u00e7ois Muracciole<\/strong>, professeur d&rsquo;histoire contemporaine \u00e0 l&rsquo;Universit\u00e9 Paul Val\u00e9ry-Montpellier III<strong>&nbsp;;<\/strong><\/li>\n\n\n\n<li><strong>Les Arm\u00e9niens de la France libre<\/strong>, par<strong> Claire Mouradian<\/strong>, directrice de recherche \u00e9m\u00e9rite au CNRS (CERCEC, EHESS).<\/li>\n<\/ul>\n\n\n\n<p><strong>15h-16h45&nbsp;: La m\u00e9moire de la R\u00e9sistance des \u00e9trangers<\/strong><\/p>\n\n\n\n<p><strong>Pr\u00e9sident&nbsp;de s\u00e9ance : Jean-Pierre Sakoun<\/strong><\/p>\n\n\n\n<ul class=\"wp-block-list\">\n<li><strong>La m\u00e9moire fran\u00e7aise de la Seconde Guerre mondiale<\/strong>. Introduction par <strong>Denis Peschanski<\/strong>&nbsp;;<\/li>\n\n\n\n<li><strong>La m\u00e9moire des r\u00e9sistants espagnols en France<\/strong>, par<strong> Genevi\u00e8ve Dreyfus-Armand<\/strong>, pr\u00e9sidente d\u2019honneur du Centre d&rsquo;\u00e9tudes et de recherches sur les migrations ib\u00e9riques&nbsp;;<\/li>\n\n\n\n<li><strong>La m\u00e9moire des fusill\u00e9s du Mont-Val\u00e9rien<\/strong>, par<strong> Jean-Baptiste Romain<\/strong>,directeur des Hauts lieux de la m\u00e9moire en \u00cele-de-France \u00e0 l\u2019Office national des anciens combattants et victimes de guerre&nbsp;;<\/li>\n\n\n\n<li><strong>Les \u00e9trangers dans la m\u00e9moire fran\u00e7aise : une approche par l\u2019histoire culturelle<\/strong>, par<strong> Pascal Ory<\/strong>, de l\u2019Acad\u00e9mie fran\u00e7aise.<\/li>\n<\/ul>\n\n\n\n<p><strong>16h45-17h15&nbsp;: M\u00e9moire et souvenirs de Missak Manouchian<\/strong><\/p>\n\n\n\n<p>par <strong>Katia Guiragossian<\/strong>, documentariste, petite-ni\u00e8ce de Missak et de M\u00e9lin\u00e9e Manouchian.<\/p>\n\n\n\n<p><strong>17h15-17h30&nbsp;: <\/strong><strong>\u00ab&nbsp;Le peuple fran\u00e7ais saura honorer notre m\u00e9moire dignement&nbsp;\u00bb<\/strong>, par<strong> Jean-Pierre Sakoun<\/strong><\/p>\n\n\n\n<p class=\"has-medium-font-size\"><\/p>\n\n\n\n<p class=\"has-vivid-red-color has-text-color has-medium-font-size\"><strong><strong><a href=\"https:\/\/manouchian-au-pantheon.org\/wp-content\/uploads\/2023\/02\/20230218-Programme-definitif-avec-logos-Colloque-Les-etrangers-dans-la-Resistance-09022023.pdf\">T\u00e9l\u00e9charger le programme en pdf<\/a><\/strong><\/strong><\/p>\n\n\n\n<p class=\"has-medium-font-size\"><strong><a href=\"https:\/\/manouchian-au-pantheon.org\/wp-content\/uploads\/2023\/01\/20230218-Presentation-de-levenement-Colloque-Les-etrangers-dans-la-Resistance.pdf\">Pr\u00e9sentation de l&rsquo;\u00e9v\u00e9nement<\/a><\/strong><\/p>\n\n\n\n<p class=\"has-medium-font-size\"><strong><a href=\"https:\/\/manouchian-au-pantheon.org\/wp-content\/uploads\/2023\/01\/20230218-Informations-pratiques-pour-diffusion-Colloque-Les-etrangers-dans-la-Resistance.pdf\">Informations pratiques<\/a><\/strong><\/p>\n\n\n\n<p class=\"has-medium-font-size\"><a href=\"https:\/\/docs.google.com\/forms\/d\/e\/1FAIpQLSdCbVRIKauqqy47MJZ11bnHMcV_6HMes7_pejSmUb-s8zUr-A\/viewform?vc=0&amp;c=0&amp;w=1&amp;flr=0\"><strong>Inscrivez-vous au colloque en suivant ce lien<\/strong><\/a><\/p>\n","protected":false},"excerpt":{"rendered":"<p>Colloque national organis\u00e9 par Unit\u00e9 La\u00efque Ev\u00e9nement complet. Inscriptions closes Inscrivez-vous au colloque en suivant ce lien Samedi 18 f\u00e9vrier 2023 &#8211; 9h30 \u2013 17h30 Palais du Luxembourg, Salle M\u00e9dicis Durant la Seconde Guerre mondiale, les \u00e9trangers ont occup\u00e9 une place d\u00e9cisive dans la r\u00e9sistance au nazisme. Venus en France pour des raisons \u00e9conomiques ou [&hellip;]<\/p>\n","protected":false},"author":7,"featured_media":0,"comment_status":"closed","ping_status":"closed","sticky":false,"template":"","format":"standard","meta":{"footnotes":""},"categories":[33],"tags":[],"class_list":["post-3708","post","type-post","status-publish","format-standard","hentry","category-vers-la-pantheonisation"],"_links":{"self":[{"href":"https:\/\/manouchian-au-pantheon.org\/index.php\/wp-json\/wp\/v2\/posts\/3708","targetHints":{"allow":["GET"]}}],"collection":[{"href":"https:\/\/manouchian-au-pantheon.org\/index.php\/wp-json\/wp\/v2\/posts"}],"about":[{"href":"https:\/\/manouchian-au-pantheon.org\/index.php\/wp-json\/wp\/v2\/types\/post"}],"author":[{"embeddable":true,"href":"https:\/\/manouchian-au-pantheon.org\/index.php\/wp-json\/wp\/v2\/users\/7"}],"replies":[{"embeddable":true,"href":"https:\/\/manouchian-au-pantheon.org\/index.php\/wp-json\/wp\/v2\/comments?post=3708"}],"version-history":[{"count":50,"href":"https:\/\/manouchian-au-pantheon.org\/index.php\/wp-json\/wp\/v2\/posts\/3708\/revisions"}],"predecessor-version":[{"id":3916,"href":"https:\/\/manouchian-au-pantheon.org\/index.php\/wp-json\/wp\/v2\/posts\/3708\/revisions\/3916"}],"wp:attachment":[{"href":"https:\/\/manouchian-au-pantheon.org\/index.php\/wp-json\/wp\/v2\/media?parent=3708"}],"wp:term":[{"taxonomy":"category","embeddable":true,"href":"https:\/\/manouchian-au-pantheon.org\/index.php\/wp-json\/wp\/v2\/categories?post=3708"},{"taxonomy":"post_tag","embeddable":true,"href":"https:\/\/manouchian-au-pantheon.org\/index.php\/wp-json\/wp\/v2\/tags?post=3708"}],"curies":[{"name":"wp","href":"https:\/\/api.w.org\/{rel}","templated":true}]}}