{"id":4078,"date":"2023-06-16T21:38:41","date_gmt":"2023-06-16T19:38:41","guid":{"rendered":"https:\/\/manouchian-au-pantheon.org\/?p=4078"},"modified":"2024-01-30T13:51:05","modified_gmt":"2024-01-30T12:51:05","slug":"missak-manouchian-bientot-au-pantheon","status":"publish","type":"post","link":"https:\/\/manouchian-au-pantheon.org\/index.php\/2023\/06\/16\/missak-manouchian-bientot-au-pantheon\/","title":{"rendered":"MISSAK MANOUCHIAN\u00a0BIENT\u00d4T AU PANTHEON\u00a0?"},"content":{"rendered":"<div class=\"wp-block-image\">\n<figure class=\"alignleft size-full is-resized\"><img loading=\"lazy\" decoding=\"async\" src=\"https:\/\/manouchian-au-pantheon.org\/wp-content\/uploads\/2023\/06\/20230616-Perron-Elysee-MMAP.jpg\" alt=\"\" class=\"wp-image-4081\" width=\"297\" height=\"223\" srcset=\"https:\/\/manouchian-au-pantheon.org\/wp-content\/uploads\/2023\/06\/20230616-Perron-Elysee-MMAP.jpg 1024w, https:\/\/manouchian-au-pantheon.org\/wp-content\/uploads\/2023\/06\/20230616-Perron-Elysee-MMAP-300x225.jpg 300w, https:\/\/manouchian-au-pantheon.org\/wp-content\/uploads\/2023\/06\/20230616-Perron-Elysee-MMAP-768x576.jpg 768w, https:\/\/manouchian-au-pantheon.org\/wp-content\/uploads\/2023\/06\/20230616-Perron-Elysee-MMAP-24x18.jpg 24w, https:\/\/manouchian-au-pantheon.org\/wp-content\/uploads\/2023\/06\/20230616-Perron-Elysee-MMAP-36x27.jpg 36w, https:\/\/manouchian-au-pantheon.org\/wp-content\/uploads\/2023\/06\/20230616-Perron-Elysee-MMAP-48x36.jpg 48w\" sizes=\"auto, (max-width: 297px) 100vw, 297px\" \/><\/figure>\n<\/div>\n\n\n<p style=\"font-size:18px\"><br><strong>Le 16 juin 2023, le Comit\u00e9 pour l\u2019entr\u00e9e au Panth\u00e9on de Missak Manouchian, le grand r\u00e9sistant FTP-MOI fusill\u00e9 le 21 f\u00e9vrier 1944 au Mont-Val\u00e9rien, a \u00e9t\u00e9 re\u00e7u par le pr\u00e9sident de la R\u00e9publique, M. Emmanuel Macron, accompagn\u00e9 de MM Bruno Roger-Petit, Conseiller m\u00e9moire du pr\u00e9sident, Philippe Belaval, Conseiller sp\u00e9cial culture du pr\u00e9sident, et du Commissaire Le Roch, Adjoint du Chef d\u2019Etat-Major particulier.<\/strong><br><br><\/p>\n\n\n\n<p>Le comit\u00e9 \u00e9tait emmen\u00e9 par son pr\u00e9sident, Jean-Pierre Sakoun, accompagn\u00e9 de Mme Katia Guiragossian, petite-ni\u00e8ce de Missak et M\u00e9lin\u00e9e Manouchian, Aline Girard, secr\u00e9taire g\u00e9n\u00e9rale d\u2019Unit\u00e9 La\u00efque, Pierre Ouzoulias, s\u00e9nateur, Nicolas Daragon, maire de Valence et Denis Peschanski, directeur de recherche au CNRS, conseiller historique du Comit\u00e9.<\/p>\n\n\n\n<p>Apr\u00e8s avoir pr\u00e9sent\u00e9 le dossier pour l\u2019entr\u00e9e au Panth\u00e9on de Missak Manouchian, les membres du Comit\u00e9 ont abord\u00e9 les diff\u00e9rents aspects de cette initiative et r\u00e9pondu aux questions du pr\u00e9sident et de ses conseillers.<\/p>\n\n\n\n<p>Ces derniers ont \u00e9t\u00e9 tr\u00e8s attentifs \u00e0 la demande ainsi formul\u00e9e. M. le pr\u00e9sident de la R\u00e9publique a affirm\u00e9 son int\u00e9r\u00eat pour cette d\u00e9marche et annonc\u00e9 qu\u2019il rendrait sa d\u00e9cision d\u00e8s le dimanche 18 juin 2023.<\/p>\n\n\n\n<p>Les membres du Comit\u00e9 se sont s\u00e9par\u00e9s avec le clair sentiment que leur requ\u00eate avait \u00e9t\u00e9 entendue et attendent avec optimisme l\u2019arbitrage pr\u00e9sidentiel.<\/p>\n\n\n\n<p><a href=\"https:\/\/www.linkedin.com\/feed\/hashtag\/?keywords=manouchianaupantheon&amp;highlightedUpdateUrns=urn%3Ali%3Aactivity%3A7075551968567468032\">#ManouchianauPantheon<\/a><a href=\"https:\/\/www.linkedin.com\/feed\/hashtag\/?keywords=etceserajustice&amp;highlightedUpdateUrns=urn%3Ali%3Aactivity%3A7075551968567468032\">#Etceserajustice<\/a><\/p>\n\n\n\n<p class=\"has-medium-font-size\"><a href=\"https:\/\/manouchian-au-pantheon.org\/wp-content\/uploads\/2023\/06\/20230616-Manouchian-au-Pantheon.pdf\"><strong>T\u00e9l\u00e9charger le communiqu\u00e9 en PDF<\/strong><\/a><\/p>\n","protected":false},"excerpt":{"rendered":"<p>Le 16 juin 2023, le Comit\u00e9 pour l\u2019entr\u00e9e au Panth\u00e9on de Missak Manouchian, le grand r\u00e9sistant FTP-MOI fusill\u00e9 le 21 f\u00e9vrier 1944 au Mont-Val\u00e9rien, a \u00e9t\u00e9 re\u00e7u par le pr\u00e9sident de la R\u00e9publique, M. Emmanuel Macron, accompagn\u00e9 de MM Bruno Roger-Petit, Conseiller m\u00e9moire du pr\u00e9sident, Philippe Belaval, Conseiller sp\u00e9cial culture du pr\u00e9sident, et du Commissaire [&hellip;]<\/p>\n","protected":false},"author":7,"featured_media":0,"comment_status":"closed","ping_status":"closed","sticky":false,"template":"","format":"standard","meta":{"footnotes":""},"categories":[33],"tags":[],"class_list":["post-4078","post","type-post","status-publish","format-standard","hentry","category-vers-la-pantheonisation"],"_links":{"self":[{"href":"https:\/\/manouchian-au-pantheon.org\/index.php\/wp-json\/wp\/v2\/posts\/4078","targetHints":{"allow":["GET"]}}],"collection":[{"href":"https:\/\/manouchian-au-pantheon.org\/index.php\/wp-json\/wp\/v2\/posts"}],"about":[{"href":"https:\/\/manouchian-au-pantheon.org\/index.php\/wp-json\/wp\/v2\/types\/post"}],"author":[{"embeddable":true,"href":"https:\/\/manouchian-au-pantheon.org\/index.php\/wp-json\/wp\/v2\/users\/7"}],"replies":[{"embeddable":true,"href":"https:\/\/manouchian-au-pantheon.org\/index.php\/wp-json\/wp\/v2\/comments?post=4078"}],"version-history":[{"count":3,"href":"https:\/\/manouchian-au-pantheon.org\/index.php\/wp-json\/wp\/v2\/posts\/4078\/revisions"}],"predecessor-version":[{"id":4086,"href":"https:\/\/manouchian-au-pantheon.org\/index.php\/wp-json\/wp\/v2\/posts\/4078\/revisions\/4086"}],"wp:attachment":[{"href":"https:\/\/manouchian-au-pantheon.org\/index.php\/wp-json\/wp\/v2\/media?parent=4078"}],"wp:term":[{"taxonomy":"category","embeddable":true,"href":"https:\/\/manouchian-au-pantheon.org\/index.php\/wp-json\/wp\/v2\/categories?post=4078"},{"taxonomy":"post_tag","embeddable":true,"href":"https:\/\/manouchian-au-pantheon.org\/index.php\/wp-json\/wp\/v2\/tags?post=4078"}],"curies":[{"name":"wp","href":"https:\/\/api.w.org\/{rel}","templated":true}]}}