{"id":4098,"date":"2023-06-19T16:13:27","date_gmt":"2023-06-19T14:13:27","guid":{"rendered":"https:\/\/manouchian-au-pantheon.org\/?p=4098"},"modified":"2024-01-30T13:51:25","modified_gmt":"2024-01-30T12:51:25","slug":"https-www-liberation-fr-politique-missak-manouchian-au-pantheon-emmanuel-macron-y-est-extremement-favorable-20230616_vlvdrzybpnfhhen4sq7krn7jxe-datawalltokengft-f93234d37ee192ff55c2721158540ec5","status":"publish","type":"post","link":"https:\/\/manouchian-au-pantheon.org\/index.php\/2023\/06\/19\/https-www-liberation-fr-politique-missak-manouchian-au-pantheon-emmanuel-macron-y-est-extremement-favorable-20230616_vlvdrzybpnfhhen4sq7krn7jxe-datawalltokengft-f93234d37ee192ff55c2721158540ec5\/","title":{"rendered":"Missak Manouchian au Panth\u00e9on\u00a0: c&rsquo;est Eve Szeftel qui en parle le mieux dans Lib\u00e9ration \u2013 liberation.fr"},"content":{"rendered":"\n<p>Le chef de l\u2019Etat devrait annoncer dimanche, lors de la traditionnelle comm\u00e9moration de l\u2019appel du 18 Juin au Mont-Val\u00e9rien, la panth\u00e9onisation du r\u00e9sistant. Cette reconnaissance attendue pour le communiste arm\u00e9nien, mort pour la France en 1944, fait l\u2019unanimit\u00e9 politique.<\/p>\n\n\n\n<figure class=\"wp-block-image size-large is-resized\"><img loading=\"lazy\" decoding=\"async\" width=\"641\" height=\"1024\" src=\"https:\/\/manouchian-au-pantheon.org\/wp-content\/uploads\/2023\/06\/image001-1-641x1024.jpg\" alt=\"\" class=\"wp-image-4104\" style=\"width:240px;height:383px\" srcset=\"https:\/\/manouchian-au-pantheon.org\/wp-content\/uploads\/2023\/06\/image001-1-641x1024.jpg 641w, https:\/\/manouchian-au-pantheon.org\/wp-content\/uploads\/2023\/06\/image001-1-188x300.jpg 188w, https:\/\/manouchian-au-pantheon.org\/wp-content\/uploads\/2023\/06\/image001-1-768x1228.jpg 768w, https:\/\/manouchian-au-pantheon.org\/wp-content\/uploads\/2023\/06\/image001-1-961x1536.jpg 961w, https:\/\/manouchian-au-pantheon.org\/wp-content\/uploads\/2023\/06\/image001-1-15x24.jpg 15w, https:\/\/manouchian-au-pantheon.org\/wp-content\/uploads\/2023\/06\/image001-1-23x36.jpg 23w, https:\/\/manouchian-au-pantheon.org\/wp-content\/uploads\/2023\/06\/image001-1-30x48.jpg 30w, https:\/\/manouchian-au-pantheon.org\/wp-content\/uploads\/2023\/06\/image001-1.jpg 1024w\" sizes=\"auto, (max-width: 641px) 100vw, 641px\" \/><figcaption class=\"wp-element-caption\"><em>Missak Manouchian au Luxembourg<\/em><\/figcaption><\/figure>\n\n\n\n<!--more-->\n\n\n\n<p><em>\u00abMa Ch\u00e8re M\u00e9lin\u00e9e, ma petite orpheline bien-aim\u00e9e, Dans quelques heures, je ne serai plus de ce monde. Nous allons \u00eatre fusill\u00e9s cet apr\u00e8s-midi \u00e0 15 heures [\u2026] Je m\u2019\u00e9tais engag\u00e9 dans l\u2019Arm\u00e9e de Lib\u00e9ration en soldat volontaire et je meurs \u00e0 deux doigts de la Victoire. Je suis s\u00fbr que le peuple fran\u00e7ais et tous les combattants de la \u00adLibert\u00e9 sauront honorer \u00adnotre m\u00e9moire dignement.\u00bb&nbsp;<\/em>Ce 21 f\u00e9vrier 1944, Missak Manouchian \u00e9crit sa derni\u00e8re lettre&nbsp;<a href=\"https:\/\/www.liberation.fr\/plus\/speciaux-cahier-ete\/melinee-manouchian-letre-damour-20220824_RISHZ3IQ7BCX5CH6I6WKPI723Y\/\">\u00e0 son \u00e9pouse, M\u00e9lin\u00e9e<\/a>, rescap\u00e9e comme lui du g\u00e9nocide arm\u00e9nien, avant d\u2019\u00eatre fusill\u00e9 au Mont-Val\u00e9rien. Il est le chef pour la r\u00e9gion parisienne des FTP-MOI, branche militaire et compos\u00e9e d\u2019\u00e9trangers de la r\u00e9sistance communiste qui fit trembler l\u2019occupant jusqu\u2019\u00e0 son d\u00e9mant\u00e8lement par les sinistres Brigades sp\u00e9ciales de la pr\u00e9fecture de police de Paris.<\/p>\n\n\n\n<p>C\u2019est depuis le Mont-Val\u00e9rien qu\u2019Emmanuel Macron devrait exaucer le v\u0153u testamentaire du r\u00e9sistant. Apr\u00e8s avoir fait durer le suspense, le chef de l\u2019Etat s\u2019est dit ce vendredi&nbsp;<em>\u00abextr\u00eamement favorable\u00bb<\/em>&nbsp;\u00e0 la panth\u00e9onisation du r\u00e9sistant, a fait savoir le pr\u00e9sident du comit\u00e9 Manouchian, Jean-Pierre Sakoun, \u00e0 l\u2019issue d\u2019une r\u00e9union \u00e0 l\u2019Elys\u00e9e. Macron officialisera ainsi \u00addimanche, en marge de la traditionnelle comm\u00e9moration du 18 Juin, son entr\u00e9e au Panth\u00e9on le 21 f\u00e9vrier 2024. Il \u00addevrait en faire l\u2019annonce dans un communiqu\u00e9, respectant l\u2019usage de ne pas prendre la parole au moment d\u2019honorer l\u2019appel fondateur de De Gaulle \u00e0 Londres. Il est par ailleurs pr\u00e9vu que Macron d\u00e9ambule dans la clairi\u00e8re des fusill\u00e9s, l\u00e0 o\u00f9 est tomb\u00e9, \u00e0 37 ans, le \u00adr\u00e9sistant ainsi que 21 de ses camarades. Une premi\u00e8re : \u00adjamais un pr\u00e9sident n\u2019a accompli ce rituel en ce jour d\u00e9di\u00e9 \u00e0 la m\u00e9moire de la r\u00e9sistance gaulliste. \u00adAutre geste, il d\u00e9corera \u00adRobert Birenbaum, ancien \u00adr\u00e9sistant FTP-MOI comme Manouchian, avant d\u2019encha\u00eener avec la \u00adc\u00e9r\u00e9monie traditionnelle sur l\u2019esplanade du Mont-Val\u00e9rien.<\/p>\n\n\n\n<p><strong>Large comit\u00e9 de soutien<\/strong> <\/p>\n\n\n\n<p>L\u2019initiative de la panth\u00e9onisation de Manouchian revient \u00e0 Jean-Pierre Sakoun. Le pr\u00e9sident de l\u2019association Unit\u00e9 \u00adla\u00efque a cherch\u00e9 \u00e0 construire une candidature consensuelle, tirant les le\u00e7ons de l\u2019\u00e9chec d\u2019une premi\u00e8re tentative en 2014. A l\u2019\u00e9poque, sous la pr\u00e9sidence de Fran\u00e7ois Hollande, le d\u00e9put\u00e9 socialiste Jean-Marc Germain avait propos\u00e9 le transfert des \u00adcendres de l\u2019ensemble du groupe Manouchian au Panth\u00e9on. Mais quatre r\u00e9sistants, deux femmes et deux hommes (Genevi\u00e8ve de Gaulle-Anthonioz, Germaine Tillion, Pierre Brossolette, Jean Zay), avaient d\u00e9j\u00e0 les faveurs \u00e9lys\u00e9ennes pour le temple r\u00e9publicain. Et il n\u2019est pas d\u2019usage d\u2019y faire entrer un collectif.<\/p>\n\n\n\n<figure class=\"wp-block-image size-large is-resized\"><img loading=\"lazy\" decoding=\"async\" width=\"715\" height=\"1024\" src=\"https:\/\/manouchian-au-pantheon.org\/wp-content\/uploads\/2023\/06\/image003-715x1024.jpg\" alt=\"\" class=\"wp-image-4100\" style=\"width:300px;height:430px\" srcset=\"https:\/\/manouchian-au-pantheon.org\/wp-content\/uploads\/2023\/06\/image003-715x1024.jpg 715w, https:\/\/manouchian-au-pantheon.org\/wp-content\/uploads\/2023\/06\/image003-210x300.jpg 210w, https:\/\/manouchian-au-pantheon.org\/wp-content\/uploads\/2023\/06\/image003-768x1100.jpg 768w, https:\/\/manouchian-au-pantheon.org\/wp-content\/uploads\/2023\/06\/image003-17x24.jpg 17w, https:\/\/manouchian-au-pantheon.org\/wp-content\/uploads\/2023\/06\/image003-25x36.jpg 25w, https:\/\/manouchian-au-pantheon.org\/wp-content\/uploads\/2023\/06\/image003-34x48.jpg 34w, https:\/\/manouchian-au-pantheon.org\/wp-content\/uploads\/2023\/06\/image003.jpg 1024w\" sizes=\"auto, (max-width: 715px) 100vw, 715px\" \/><figcaption class=\"wp-element-caption\"><em>Portrait de M\u00e9lin\u00e9e Manouchian (1913-1989), immigr\u00e9e r\u00e9sistante d&rsquo;origine arm\u00e9nienne, devenue fran\u00e7aise \u00e0 la Lib\u00e9ration.<\/em><\/figcaption><\/figure>\n\n\n\n<p>Embarqu\u00e9 dans le projet par Sakoun, l\u2019historien&nbsp;<a href=\"https:\/\/www.liberation.fr\/idees-et-debats\/tribunes\/derriere-la-pantheonisation-de-missak-manouchian-larmee-des-ombres-des-etrangers-morts-pour-la-france-20230216_7O364FJQJFGJFOGSPYWCJEEWGA\/\">Denis Peschanski<\/a>&nbsp;juge que faire \u00adentrer Manouchian au Panth\u00e9on serait<em>&nbsp;\u00abun acte fort\u00bb<\/em>&nbsp;de la part de Macron, alors que, fait&nbsp;<em>\u00abscandaleux, vu leur r\u00f4le d\u00e9cisif dans la R\u00e9sistance\u00bb,<\/em>&nbsp;aucun r\u00e9sistant communiste n\u2019a encore eu de tels honneurs. L\u2019auteur des&nbsp;<em>Etrangers dans la R\u00e9sistance&nbsp;<\/em>a pu \u00adapporter une caution scientifique \u00e0 la d\u00e9marche de Sakoun, elle-m\u00eame adoss\u00e9e \u00e0 un comit\u00e9 de parrainage resserr\u00e9, autour de la ni\u00e8ce de Manouchian, Katia Guiragossian, du s\u00e9nateur communiste Pierre Ouzoulias, lui-m\u00eame petit-fils d\u2019un r\u00e9sistant, et de Nicolas Daragon, maire (Les R\u00e9publicains, LR) de Valence, commune surnomm\u00e9e la \u00abPetite Arm\u00e9nie\u00bb. Apr\u00e8s une premi\u00e8re \u00adtribune dans<em>&nbsp;Lib\u00e9ration,&nbsp;<\/em><a href=\"https:\/\/www.liberation.fr\/idees-et-debats\/tribunes\/missak-manouchian-a-quand-la-patrie-reconnaissante-20220221_OWPH542ALVGTJCIRRQBFG4RFMY\/\">parue en janvier 2022<\/a>, le comit\u00e9 a \u00e9t\u00e9 re\u00e7u \u00e0 l\u2019Elys\u00e9e au mois de mars de la m\u00eame ann\u00e9e par Bruno Roger-Petit, le conseiller m\u00e9moire d\u2019Emmanuel Macron. Le processus \u00e9tait lanc\u00e9.<\/p>\n\n\n\n<p>Le succ\u00e8s de l\u2019entreprise tient aussi \u00e0 l\u2019existence d\u2019un&nbsp;<a href=\"https:\/\/www.liberation.fr\/idees-et-debats\/missak-manouchian-apatride-mais-francais-par-le-sang-verse-20220221_FJWX4CPPQRDFBNFWITYD5W5IFU\/\">large comit\u00e9 de soutien<\/a>, allant de Patrick Bruel, qui a compos\u00e9 une chanson en hommage au po\u00e8te r\u00e9sistant, au \u00abchasseur de nazis\u00bb Serge Klarsfeld, en passant par la maire socialiste de Paris, Anne Hidalgo, ou les pr\u00e9sidents de r\u00e9gion Carole Delga (PS) et Laurent Wauquiez (LR). Selon Jean-Pierre Sakoun, il n\u2019y a&nbsp;<em>\u00abrien de partisan dans la d\u00e9marche. Il s\u2019agit d\u2019aider \u00e0 reconstruire un r\u00e9cit national qui soit celui de la France universelle et universaliste\u00bb,&nbsp;<\/em>dans une soci\u00e9t\u00e9&nbsp;<em>\u00abqui est \u00e9branl\u00e9e \u00e0 la fois par la question \u00admigratoire et le refus de beaucoup de descendants d\u2019immigr\u00e9s d\u2019appartenir \u00e0 la communaut\u00e9 nationale\u00bb.<\/em>&nbsp;Et&nbsp;<em>\u00abquel plus beau symbole\u00bb<\/em>&nbsp;pour incarner ce message que cet Arm\u00e9nien communiste, \u00adporteur des id\u00e9aux de la R\u00e9volution fran\u00e7aise, amoureux de la France au point d\u2019en solliciter deux fois la nationalit\u00e9 \u2013 qui lui sera \u00adrefus\u00e9e \u2013 et de se sacrifier pour elle.&nbsp;<em>\u00abUn \u00e9tranger peut mourir pour la France parce qu\u2019elle porte des projets plus grands qu\u2019elle. La nationalit\u00e9, c\u2019est aussi \u00e7a\u00bb,&nbsp;<\/em>r\u00e9sume Pierre \u00adOuzoulias.<\/p>\n\n\n\n<p><strong>\u00abConvergence m\u00e9morielle in\u00e9dite\u00bb<\/strong><strong><\/strong><\/p>\n\n\n\n<p>Un parcours qui fait l\u2019unanimit\u00e9 dans la classe politique.&nbsp;<em>\u00abL\u2019histoire de Manouchian, c\u2019est plusieurs histoires de France. Celle de la D\u00e9claration des droits de l\u2019homme, d\u2019un combattant de l\u2019ombre, d\u2019un r\u00e9sistant mort avec panache, d\u2019un sacrifi\u00e9 sur l\u2019autel de la libert\u00e9. C\u2019est un h\u00e9ros fran\u00e7ais\u00bb,<\/em>&nbsp;s\u2019enflamme Nicolas Daragon.<em>&nbsp;\u00abSans rien perdre de son arm\u00e9nit\u00e9, il \u00e9tait pleinement fran\u00e7ais\u00bb,<\/em>&nbsp;abonde le chef des s\u00e9nateurs LR, Bruno Retailleau. Cette concorde va jusqu\u2019au Rassemblement national : fid\u00e8le \u00e0 sa strat\u00e9gie de normalisation, il a vot\u00e9 en mars 2022 un v\u0153u du conseil r\u00e9gional d\u2019Auvergne-Rh\u00f4ne-Alpes pour la panth\u00e9onisation de Missak Manouchian. Seuls les quatre conseillers du groupe Libert\u00e9, identit\u00e9, souverainet\u00e9 (LIS), proches d\u2019Eric Zemmour, ont vot\u00e9 contre.&nbsp;<em>\u00abCe n\u2019\u00e9tait pas la France, sa pr\u00e9occupation, mais le communisme, cette id\u00e9ologie qui a fait des millions de morts\u00bb,&nbsp;<\/em>avait justifi\u00e9 sans honte le conseiller \u00adr\u00e9gional St\u00e9phane Blanchon.<\/p>\n\n\n\n<p>Fran\u00e7ais par choix et non par le sang, Manouchian avait parfaitement conscience que pour certains, les \u00e9pigones de Maurras, il n\u2019\u00e9tait pas un \u00abFran\u00e7ais\u00bb authentique :<em>&nbsp;\u00abVous avez h\u00e9rit\u00e9 de la nationalit\u00e9 fran\u00e7aise, nous nous l\u2019avons m\u00e9rit\u00e9e\u00bb,&nbsp;<\/em>avait-il lanc\u00e9 lors de la parodie de proc\u00e8s du \u00abgroupe Manouchian\u00bb en f\u00e9vrier 1944, \u00e0 l\u2019adresse de la presse collabo le conspuant. Le rejet de ces \u00e9trangers&nbsp;<em>\u00abnoirs de barbe et de nuit\u00bb, \u00abhirsutes\u00bb&nbsp;<\/em>et&nbsp;<em>\u00abmena\u00e7ants\u00bb,<\/em>&nbsp;est aussi exprim\u00e9 par Aragon dans son fameux \u00adpo\u00e8me<em>&nbsp;Strophes pour se \u00adsouvenir<\/em>&nbsp;:<em>&nbsp;\u00abNul ne semblait vous voir fran\u00e7ais de pr\u00e9f\u00e9rence \/Les gens allaient sans yeux pour vous le jour durant \/Mais \u00e0 l\u2019heure du couvre-feu des doigts errants \/Avaient \u00e9crit sous vos photos MORTS POUR LA FRANCE\u00bb<\/em>&nbsp;\u2013 le po\u00e8me, mis en musique en 1959 par L\u00e9o Ferr\u00e9, devrait \u00eatre chant\u00e9 dimanche par le ch\u0153ur de l\u2019arm\u00e9e fran\u00e7aise.<\/p>\n\n\n\n<p>L\u00e0 est le destin singulier de l\u2019un des visages de l\u2019Affiche rouge, affiche de propagande nazie devenue une galerie des h\u00e9ros. Po\u00e8te pass\u00e9 \u00e0 la post\u00e9rit\u00e9 gr\u00e2ce \u00e0 un po\u00e8te,&nbsp;<em>\u00abManouchian est entr\u00e9 dans la m\u00e9moire \u00adcollective avant d\u2019entrer au Panth\u00e9on\u00bb,<\/em>&nbsp;\u00e0 l\u2019inverse de Jean Moulin : le geste de De Gaulle et le c\u00e9l\u00e8bre discours de Malraux en 1964 avaient pr\u00e9c\u00e9d\u00e9 son&nbsp;<em>\u00abinvention sociale\u00bb,&nbsp;<\/em>explique ainsi Denis Peschanski.<\/p>\n\n\n\n<p>Manouchian n\u2019est pas seulement une figure politique consensuelle, enjeu d\u2019une tentative de r\u00e9conciliation nationale\u200a: sa panth\u00e9onisation marque aussi une nouvelle \u00e9tape dans l\u2019histoire de la m\u00e9moire de la Seconde Guerre mondiale et de la R\u00e9sistance. Celle, apr\u00e8s des d\u00e9cennies de tiraillements entre les m\u00e9moires gaullistes et communistes, d\u2019une<em>&nbsp;\u00abconvergence m\u00e9morielle in\u00e9dite\u00bb,&nbsp;<\/em>selon Peschanski.<\/p>\n\n\n\n<p>Le 21 f\u00e9vrier 2024, Missak Manouchian, accompagn\u00e9 de M\u00e9lin\u00e9e, quittera l\u2019anonyme cimeti\u00e8re d\u2019Ivry-sur-Seine, en banlieue parisienne, pour rejoindre \u00ad<a href=\"https:\/\/www.liberation.fr\/culture\/entre-ici-josephine-20211126_IAIYL5A6AFBKPMDZQZES2ALAJM\/\">Jos\u00e9phine Baker<\/a>, Simone Veil et Victor Hugo dans la glorieuse crypte du Panth\u00e9on. En attendant le grand jour, le cimeti\u00e8re a un air bucolique sous le soleil de juin. Des perruches vol\u00e8tent au-dessus des tombes du groupe Manouchian, soigneusement entretenues par le Souvenir fran\u00e7ais. Ses camarades ne seront pas oubli\u00e9s : appos\u00e9e \u00e0 la s\u00e9pulture de Manouchian, une plaque rappellera les noms et les sacrifices de ces<em>&nbsp;\u00abgrands hommes\u00bb&nbsp;<\/em>\u00e0 qui la patrie se devait de t\u00e9moigner sa reconnaissance.<\/p>\n\n\n\n<p>par&nbsp;<a href=\"https:\/\/www.liberation.fr\/auteur\/eve-szeftel\/\">Eve Szeftel<\/a>&nbsp;et&nbsp;<a href=\"https:\/\/www.liberation.fr\/auteur\/victor-boiteau\/\">Victor Boiteau<\/a><br>publi\u00e9 le 16 juin 2023 \u00e0 18h23<\/p>\n","protected":false},"excerpt":{"rendered":"<p>Le chef de l\u2019Etat devrait annoncer dimanche, lors de la traditionnelle comm\u00e9moration de l\u2019appel du 18 Juin au Mont-Val\u00e9rien, la panth\u00e9onisation du r\u00e9sistant. Cette reconnaissance attendue pour le communiste arm\u00e9nien, mort pour la France en 1944, fait l\u2019unanimit\u00e9 politique.<\/p>\n","protected":false},"author":7,"featured_media":0,"comment_status":"closed","ping_status":"closed","sticky":false,"template":"","format":"standard","meta":{"footnotes":""},"categories":[34],"tags":[],"class_list":["post-4098","post","type-post","status-publish","format-standard","hentry","category-presse-medias-work"],"_links":{"self":[{"href":"https:\/\/manouchian-au-pantheon.org\/index.php\/wp-json\/wp\/v2\/posts\/4098","targetHints":{"allow":["GET"]}}],"collection":[{"href":"https:\/\/manouchian-au-pantheon.org\/index.php\/wp-json\/wp\/v2\/posts"}],"about":[{"href":"https:\/\/manouchian-au-pantheon.org\/index.php\/wp-json\/wp\/v2\/types\/post"}],"author":[{"embeddable":true,"href":"https:\/\/manouchian-au-pantheon.org\/index.php\/wp-json\/wp\/v2\/users\/7"}],"replies":[{"embeddable":true,"href":"https:\/\/manouchian-au-pantheon.org\/index.php\/wp-json\/wp\/v2\/comments?post=4098"}],"version-history":[{"count":5,"href":"https:\/\/manouchian-au-pantheon.org\/index.php\/wp-json\/wp\/v2\/posts\/4098\/revisions"}],"predecessor-version":[{"id":4313,"href":"https:\/\/manouchian-au-pantheon.org\/index.php\/wp-json\/wp\/v2\/posts\/4098\/revisions\/4313"}],"wp:attachment":[{"href":"https:\/\/manouchian-au-pantheon.org\/index.php\/wp-json\/wp\/v2\/media?parent=4098"}],"wp:term":[{"taxonomy":"category","embeddable":true,"href":"https:\/\/manouchian-au-pantheon.org\/index.php\/wp-json\/wp\/v2\/categories?post=4098"},{"taxonomy":"post_tag","embeddable":true,"href":"https:\/\/manouchian-au-pantheon.org\/index.php\/wp-json\/wp\/v2\/tags?post=4098"}],"curies":[{"name":"wp","href":"https:\/\/api.w.org\/{rel}","templated":true}]}}