{"id":4331,"date":"2024-01-16T15:43:15","date_gmt":"2024-01-16T14:43:15","guid":{"rendered":"https:\/\/manouchian-au-pantheon.org\/?p=4331"},"modified":"2024-02-02T15:10:07","modified_gmt":"2024-02-02T14:10:07","slug":"le-comite-executif-du-projet-missak-manouchian-au-pantheon","status":"publish","type":"post","link":"https:\/\/manouchian-au-pantheon.org\/index.php\/2024\/01\/16\/le-comite-executif-du-projet-missak-manouchian-au-pantheon\/","title":{"rendered":"Le Comit\u00e9 ex\u00e9cutif du projet \u00ab\u00a0Missak Manouchian au Panth\u00e9on\u00a0\u00bb"},"content":{"rendered":"\n<p style=\"font-size:26px;font-style:normal;font-weight:700\">Les membres du Comit\u00e9 ex\u00e9cutif du projet \u00ab\u00a0Missak Manouchian au Panth\u00e9on\u00a0\u00bb, qui \u0153uvrent depuis 2 ans pour voir ce projet aboutir : <\/p>\n\n\n\n<p><strong>Jean-Pierre Sakoun<\/strong>, pr\u00e9sident d\u2019Unit\u00e9 la\u00efque, pr\u00e9sident du comit\u00e9 ex\u00e9cutif de l&rsquo;initiative<br><strong>Nicolas Daragon<\/strong>, maire de Valence, pr\u00e9sident du Centre du Patrimoine Arm\u00e9nien, membre du comit\u00e9 ex\u00e9cutif de l&rsquo;initiative<br><strong>Katia Guiragossian<\/strong>, petite-ni\u00e8ce de Missak et de M\u00e9lin\u00e9e Manouchian,\u00a0 membre du comit\u00e9 ex\u00e9cutif de l&rsquo;initiative<br><strong>Pierre Ouzoulias<\/strong>, s\u00e9nateur,\u00a0 petit-fils de r\u00e9sistant FTP-MOI, membre du comit\u00e9 ex\u00e9cutif de l&rsquo;initiative<br><strong>Denis Peschanski<\/strong>, historien, directeur de recherches au CNRS,\u00a0membre du comit\u00e9 ex\u00e9cutif de l&rsquo;initiative<br><strong>Aline Girard<\/strong>, secr\u00e9taire d\u2019Unit\u00e9 la\u00efque, secr\u00e9taire du comit\u00e9 ex\u00e9cutif de l&rsquo;initiative<\/p>\n","protected":false},"excerpt":{"rendered":"<p>Les membres du Comit\u00e9 ex\u00e9cutif du projet \u00ab\u00a0Missak Manouchian au Panth\u00e9on\u00a0\u00bb, qui \u0153uvrent depuis 2 ans pour voir ce projet aboutir : Jean-Pierre Sakoun, pr\u00e9sident d\u2019Unit\u00e9 la\u00efque, pr\u00e9sident du comit\u00e9 ex\u00e9cutif de l&rsquo;initiativeNicolas Daragon, maire de Valence, pr\u00e9sident du Centre du Patrimoine Arm\u00e9nien, membre du comit\u00e9 ex\u00e9cutif de l&rsquo;initiativeKatia Guiragossian, petite-ni\u00e8ce de Missak et de [&hellip;]<\/p>\n","protected":false},"author":7,"featured_media":0,"comment_status":"closed","ping_status":"","sticky":false,"template":"","format":"standard","meta":{"footnotes":""},"categories":[36],"tags":[],"class_list":["post-4331","post","type-post","status-publish","format-standard","hentry","category-parrainage-et-soutiens-work"],"_links":{"self":[{"href":"https:\/\/manouchian-au-pantheon.org\/index.php\/wp-json\/wp\/v2\/posts\/4331","targetHints":{"allow":["GET"]}}],"collection":[{"href":"https:\/\/manouchian-au-pantheon.org\/index.php\/wp-json\/wp\/v2\/posts"}],"about":[{"href":"https:\/\/manouchian-au-pantheon.org\/index.php\/wp-json\/wp\/v2\/types\/post"}],"author":[{"embeddable":true,"href":"https:\/\/manouchian-au-pantheon.org\/index.php\/wp-json\/wp\/v2\/users\/7"}],"replies":[{"embeddable":true,"href":"https:\/\/manouchian-au-pantheon.org\/index.php\/wp-json\/wp\/v2\/comments?post=4331"}],"version-history":[{"count":4,"href":"https:\/\/manouchian-au-pantheon.org\/index.php\/wp-json\/wp\/v2\/posts\/4331\/revisions"}],"predecessor-version":[{"id":4541,"href":"https:\/\/manouchian-au-pantheon.org\/index.php\/wp-json\/wp\/v2\/posts\/4331\/revisions\/4541"}],"wp:attachment":[{"href":"https:\/\/manouchian-au-pantheon.org\/index.php\/wp-json\/wp\/v2\/media?parent=4331"}],"wp:term":[{"taxonomy":"category","embeddable":true,"href":"https:\/\/manouchian-au-pantheon.org\/index.php\/wp-json\/wp\/v2\/categories?post=4331"},{"taxonomy":"post_tag","embeddable":true,"href":"https:\/\/manouchian-au-pantheon.org\/index.php\/wp-json\/wp\/v2\/tags?post=4331"}],"curies":[{"name":"wp","href":"https:\/\/api.w.org\/{rel}","templated":true}]}}