{"id":4338,"date":"2023-06-16T15:53:00","date_gmt":"2023-06-16T13:53:00","guid":{"rendered":"https:\/\/manouchian-au-pantheon.org\/?p=4338"},"modified":"2024-01-16T15:57:15","modified_gmt":"2024-01-16T14:57:15","slug":"ils-nous-parlent-de-manouchian-au-pantheon-chaque-jour-une-interview-express-dune-personnalite","status":"publish","type":"post","link":"https:\/\/manouchian-au-pantheon.org\/index.php\/2023\/06\/16\/ils-nous-parlent-de-manouchian-au-pantheon-chaque-jour-une-interview-express-dune-personnalite\/","title":{"rendered":"Ils nous parlent de Manouchian au Panth\u00e9on : chaque jour une interview express d&rsquo;une personnalit\u00e9"},"content":{"rendered":"\n<div class=\"wp-block-columns is-layout-flex wp-container-core-columns-is-layout-9d6595d7 wp-block-columns-is-layout-flex\">\n<div class=\"wp-block-column is-layout-flow wp-block-column-is-layout-flow\">\n<figure class=\"wp-block-embed is-type-video is-provider-youtube wp-block-embed-youtube wp-embed-aspect-16-9 wp-has-aspect-ratio\"><div class=\"wp-block-embed__wrapper\">\n<iframe loading=\"lazy\" title=\"Jean-Pierre Sakoun, Pr\u00e9sident d&#039;Unit\u00e9 La\u00efque  I  Manouchian au Panth\u00e9on\" width=\"1170\" height=\"658\" src=\"https:\/\/www.youtube.com\/embed\/7zPE6NwZK1M?list=PLV0-CEc6XIrTwoeD3tGWrah0SCA9PPMZC\" frameborder=\"0\" allow=\"accelerometer; autoplay; clipboard-write; encrypted-media; gyroscope; picture-in-picture; web-share\" allowfullscreen><\/iframe>\n<\/div><figcaption class=\"wp-element-caption\">ITW de Jean-Pierre Sakoun,<br>Pr\u00e9sident d&rsquo;Unit\u00e9 La\u00efque<\/figcaption><\/figure>\n<\/div>\n\n\n\n<div class=\"wp-block-column is-layout-flow wp-block-column-is-layout-flow\">\n<figure class=\"wp-block-embed is-type-video is-provider-youtube wp-block-embed-youtube wp-embed-aspect-4-3 wp-has-aspect-ratio\"><div class=\"wp-block-embed__wrapper\">\n<iframe loading=\"lazy\" title=\"Patrick Bruel  I  Manouchian au Panth\u00e9on\" width=\"1170\" height=\"878\" src=\"https:\/\/www.youtube.com\/embed\/7C85uAwTtyA?list=PLV0-CEc6XIrTwoeD3tGWrah0SCA9PPMZC\" frameborder=\"0\" allow=\"accelerometer; autoplay; clipboard-write; encrypted-media; gyroscope; picture-in-picture; web-share\" allowfullscreen><\/iframe>\n<\/div><figcaption class=\"wp-element-caption\">ITW de Patrick Bruel, <br>Chanteur et com\u00e9dien<\/figcaption><\/figure>\n<\/div>\n<\/div>\n\n\n\n<div class=\"wp-block-columns is-layout-flex wp-container-core-columns-is-layout-9d6595d7 wp-block-columns-is-layout-flex\">\n<div class=\"wp-block-column is-layout-flow wp-block-column-is-layout-flow\">\n<figure class=\"wp-block-embed is-type-video is-provider-youtube wp-block-embed-youtube wp-embed-aspect-16-9 wp-has-aspect-ratio\"><div class=\"wp-block-embed__wrapper\">\n<iframe loading=\"lazy\" title=\"Katia Guiragossian, documentariste, petite-ni\u00e8ce de Missak et de M\u00e9lin\u00e9e Manouchian\" width=\"1170\" height=\"658\" src=\"https:\/\/www.youtube.com\/embed\/eP69xudDDV4?list=PLV0-CEc6XIrTwoeD3tGWrah0SCA9PPMZC\" frameborder=\"0\" allow=\"accelerometer; autoplay; clipboard-write; encrypted-media; gyroscope; picture-in-picture; web-share\" allowfullscreen><\/iframe>\n<\/div><figcaption class=\"wp-element-caption\">Katia Guiragossian, documentariste, <br>petite-ni\u00e8ce de Missak et de M\u00e9lin\u00e9e Manouchian<\/figcaption><\/figure>\n<\/div>\n\n\n\n<div class=\"wp-block-column is-layout-flow wp-block-column-is-layout-flow\">\n<figure class=\"wp-block-embed is-type-video is-provider-youtube wp-block-embed-youtube wp-embed-aspect-16-9 wp-has-aspect-ratio\"><div class=\"wp-block-embed__wrapper\">\n<iframe loading=\"lazy\" title=\"Pascal Ory, Acad\u00e9mie Fran\u00e7aise  I  Manouchian au Panth\u00e9on\" width=\"1170\" height=\"658\" src=\"https:\/\/www.youtube.com\/embed\/gPYnM1DlUp4?list=PLV0-CEc6XIrTwoeD3tGWrah0SCA9PPMZC\" frameborder=\"0\" allow=\"accelerometer; autoplay; clipboard-write; encrypted-media; gyroscope; picture-in-picture; web-share\" allowfullscreen><\/iframe>\n<\/div><figcaption class=\"wp-element-caption\">Pascal Ory, <br>Acad\u00e9mie fran\u00e7aise<\/figcaption><\/figure>\n<\/div>\n<\/div>\n\n\n\n<div class=\"wp-block-columns is-layout-flex wp-container-core-columns-is-layout-9d6595d7 wp-block-columns-is-layout-flex\">\n<div class=\"wp-block-column is-layout-flow wp-block-column-is-layout-flow\">\n<figure class=\"wp-block-embed is-type-video is-provider-youtube wp-block-embed-youtube wp-embed-aspect-16-9 wp-has-aspect-ratio\"><div class=\"wp-block-embed__wrapper\">\n<iframe loading=\"lazy\" title=\"Claudine Tiercelin, Philosophe au Coll\u00e8ge de France  I  Manouchian au Panth\u00e9on\" width=\"1170\" height=\"658\" src=\"https:\/\/www.youtube.com\/embed\/rMEKRJH8GC8?list=PLV0-CEc6XIrTwoeD3tGWrah0SCA9PPMZC\" frameborder=\"0\" allow=\"accelerometer; autoplay; clipboard-write; encrypted-media; gyroscope; picture-in-picture; web-share\" allowfullscreen><\/iframe>\n<\/div><figcaption class=\"wp-element-caption\">Claudine Tiercelin, <br>Philosophe au Coll\u00e8ge de France<\/figcaption><\/figure>\n<\/div>\n\n\n\n<div class=\"wp-block-column is-layout-flow wp-block-column-is-layout-flow\">\n<figure class=\"wp-block-embed is-type-video is-provider-youtube wp-block-embed-youtube wp-embed-aspect-16-9 wp-has-aspect-ratio\"><div class=\"wp-block-embed__wrapper\">\n<iframe loading=\"lazy\" title=\"Nicolas Daragon, Maire de Valence\" width=\"1170\" height=\"658\" src=\"https:\/\/www.youtube.com\/embed\/jJ2zBBeZBmA?list=PLV0-CEc6XIrTwoeD3tGWrah0SCA9PPMZC\" frameborder=\"0\" allow=\"accelerometer; autoplay; clipboard-write; encrypted-media; gyroscope; picture-in-picture; web-share\" allowfullscreen><\/iframe>\n<\/div><figcaption class=\"wp-element-caption\">Nicolas Daragon,<br>Maire de Valence<\/figcaption><\/figure>\n<\/div>\n<\/div>\n\n\n\n<div class=\"wp-block-columns is-layout-flex wp-container-core-columns-is-layout-9d6595d7 wp-block-columns-is-layout-flex\">\n<div class=\"wp-block-column is-layout-flow wp-block-column-is-layout-flow\">\n<figure class=\"wp-block-embed is-type-video is-provider-youtube wp-block-embed-youtube wp-embed-aspect-16-9 wp-has-aspect-ratio\"><div class=\"wp-block-embed__wrapper\">\n<iframe loading=\"lazy\" title=\"Ernest Pignon Ernest, Artiste plasticien  I  Manouchian au Panth\u00e9on\" width=\"1170\" height=\"658\" src=\"https:\/\/www.youtube.com\/embed\/Ck2AN4W8hhE?list=PLV0-CEc6XIrTwoeD3tGWrah0SCA9PPMZC\" frameborder=\"0\" allow=\"accelerometer; autoplay; clipboard-write; encrypted-media; gyroscope; picture-in-picture; web-share\" allowfullscreen><\/iframe>\n<\/div><figcaption class=\"wp-element-caption\">Ernest Pignon Ernest,<br>Artiste Plasticien<\/figcaption><\/figure>\n<\/div>\n\n\n\n<div class=\"wp-block-column is-layout-flow wp-block-column-is-layout-flow\">\n<figure class=\"wp-block-video\"><video height=\"720\" style=\"aspect-ratio: 1280 \/ 720;\" width=\"1280\" controls src=\"https:\/\/manouchian-au-pantheon.org\/wp-content\/uploads\/2023\/06\/Mont-Valerien.mov\"><\/video><\/figure>\n<\/div>\n<\/div>\n","protected":false},"excerpt":{"rendered":"","protected":false},"author":7,"featured_media":0,"comment_status":"closed","ping_status":"","sticky":false,"template":"","format":"standard","meta":{"footnotes":""},"categories":[33],"tags":[],"class_list":["post-4338","post","type-post","status-publish","format-standard","hentry","category-vers-la-pantheonisation"],"_links":{"self":[{"href":"https:\/\/manouchian-au-pantheon.org\/index.php\/wp-json\/wp\/v2\/posts\/4338","targetHints":{"allow":["GET"]}}],"collection":[{"href":"https:\/\/manouchian-au-pantheon.org\/index.php\/wp-json\/wp\/v2\/posts"}],"about":[{"href":"https:\/\/manouchian-au-pantheon.org\/index.php\/wp-json\/wp\/v2\/types\/post"}],"author":[{"embeddable":true,"href":"https:\/\/manouchian-au-pantheon.org\/index.php\/wp-json\/wp\/v2\/users\/7"}],"replies":[{"embeddable":true,"href":"https:\/\/manouchian-au-pantheon.org\/index.php\/wp-json\/wp\/v2\/comments?post=4338"}],"version-history":[{"count":1,"href":"https:\/\/manouchian-au-pantheon.org\/index.php\/wp-json\/wp\/v2\/posts\/4338\/revisions"}],"predecessor-version":[{"id":4339,"href":"https:\/\/manouchian-au-pantheon.org\/index.php\/wp-json\/wp\/v2\/posts\/4338\/revisions\/4339"}],"wp:attachment":[{"href":"https:\/\/manouchian-au-pantheon.org\/index.php\/wp-json\/wp\/v2\/media?parent=4338"}],"wp:term":[{"taxonomy":"category","embeddable":true,"href":"https:\/\/manouchian-au-pantheon.org\/index.php\/wp-json\/wp\/v2\/categories?post=4338"},{"taxonomy":"post_tag","embeddable":true,"href":"https:\/\/manouchian-au-pantheon.org\/index.php\/wp-json\/wp\/v2\/tags?post=4338"}],"curies":[{"name":"wp","href":"https:\/\/api.w.org\/{rel}","templated":true}]}}