{"id":4346,"date":"2023-02-18T16:12:00","date_gmt":"2023-02-18T15:12:00","guid":{"rendered":"https:\/\/manouchian-au-pantheon.org\/?p=4346"},"modified":"2024-01-16T16:14:25","modified_gmt":"2024-01-16T15:14:25","slug":"colloque-les-etrangers-dans-la-resistance-vers-lentree-au-pantheon-de-missak-manouchian","status":"publish","type":"post","link":"https:\/\/manouchian-au-pantheon.org\/index.php\/2023\/02\/18\/colloque-les-etrangers-dans-la-resistance-vers-lentree-au-pantheon-de-missak-manouchian\/","title":{"rendered":"Visionnez le colloque : Les \u00e9trangers dans la r\u00e9sistance. Vers l&rsquo;entr\u00e9e au Panth\u00e9on de Missak Manouchian."},"content":{"rendered":"\n<div class=\"wp-block-columns is-layout-flex wp-container-core-columns-is-layout-9d6595d7 wp-block-columns-is-layout-flex\">\n<div class=\"wp-block-column is-layout-flow wp-block-column-is-layout-flow\" style=\"flex-basis:33.33%\">\n<figure class=\"wp-block-image size-large\"><img loading=\"lazy\" decoding=\"async\" width=\"724\" height=\"1024\" src=\"https:\/\/manouchian-au-pantheon.org\/wp-content\/uploads\/2022\/12\/20221213-MM-AFFICHE-FINALE-724x1024.jpg\" alt=\"\" class=\"wp-image-3707\" srcset=\"https:\/\/manouchian-au-pantheon.org\/wp-content\/uploads\/2022\/12\/20221213-MM-AFFICHE-FINALE-724x1024.jpg 724w, https:\/\/manouchian-au-pantheon.org\/wp-content\/uploads\/2022\/12\/20221213-MM-AFFICHE-FINALE-212x300.jpg 212w, https:\/\/manouchian-au-pantheon.org\/wp-content\/uploads\/2022\/12\/20221213-MM-AFFICHE-FINALE-768x1086.jpg 768w, https:\/\/manouchian-au-pantheon.org\/wp-content\/uploads\/2022\/12\/20221213-MM-AFFICHE-FINALE-1086x1536.jpg 1086w, https:\/\/manouchian-au-pantheon.org\/wp-content\/uploads\/2022\/12\/20221213-MM-AFFICHE-FINALE-1448x2048.jpg 1448w, https:\/\/manouchian-au-pantheon.org\/wp-content\/uploads\/2022\/12\/20221213-MM-AFFICHE-FINALE-17x24.jpg 17w, https:\/\/manouchian-au-pantheon.org\/wp-content\/uploads\/2022\/12\/20221213-MM-AFFICHE-FINALE-25x36.jpg 25w, https:\/\/manouchian-au-pantheon.org\/wp-content\/uploads\/2022\/12\/20221213-MM-AFFICHE-FINALE-34x48.jpg 34w, https:\/\/manouchian-au-pantheon.org\/wp-content\/uploads\/2022\/12\/20221213-MM-AFFICHE-FINALE-scaled.jpg 1811w\" sizes=\"auto, (max-width: 724px) 100vw, 724px\" \/><\/figure>\n<\/div>\n\n\n\n<div class=\"wp-block-column is-layout-flow wp-block-column-is-layout-flow\" style=\"flex-basis:66.66%\">\n<p class=\"has-large-font-size\"><strong><a href=\"https:\/\/www.youtube.com\/@unitelaique1203\/playlists\" data-type=\"link\" data-id=\"https:\/\/www.youtube.com\/@unitelaique1203\/playlists\">VISIONNEZ LE COLLOQUE DU 18 F\u00c9VRIER 2024<\/a><\/strong><\/p>\n\n\n\n<p>Durant la Seconde Guerre mondiale, les \u00e9trangers ont occup\u00e9 une place d\u00e9cisive dans la r\u00e9sistance au nazisme. Venus en France pour des raisons \u00e9conomiques ou politiques, Italiens antifascistes, Espagnols r\u00e9publicains, Arm\u00e9niens rescap\u00e9s du g\u00e9nocide, Juifs d\u2019Allemagne et d\u2019Europe centrale menac\u00e9s par les pogroms, se sont battus pour le pays qui les avait accueillis. Leur engagement et leur lutte, leur histoire et leur m\u00e9moire ont fait l\u2019objet de livres, films de fiction, documentaires, chansons, bandes dessin\u00e9es, expositions, colloques en France comme \u00e0 l\u2019\u00e9tranger.<\/p>\n\n\n\n<p>Le colloque <strong>Les \u00e9trangers dans la R\u00e9sistance. Vers l\u2019entr\u00e9e au Panth\u00e9on de Missak Manouchian<\/strong> se propose d\u2019interroger la reconnaissance institutionnelle de leur engagement. Cette approche sera centr\u00e9e sur la figure de Missak Manouchian, arm\u00e9nien, n\u00e9 en 1906, rescap\u00e9 du g\u00e9nocide de 1915, immigr\u00e9 en France en 1925, ouvrier et po\u00e8te, militant communiste et antifasciste. Engag\u00e9 dans l\u2019arm\u00e9e fran\u00e7aise en 1939, entr\u00e9 dans la R\u00e9sistance en 1941, il devient en ao\u00fbt 1943 le chef militaire des FTP-MOI de la r\u00e9gion parisienne que les Allemands voudront frapper d\u2019infamie, en les r\u00e9unissant sur cette \u00ab Affiche rouge \u00bb qui les rendra immortels. Fusill\u00e9 le 21 f\u00e9vrier 1944, il meurt \u00ab en soldat r\u00e9gulier de l\u2019Arm\u00e9e fran\u00e7aise de la Lib\u00e9ration \u00bb. Le r\u00e9sistant arm\u00e9nien, figure embl\u00e9matique de l\u2019unit\u00e9 et de l\u2019universalit\u00e9 de la R\u00e9publique, est l\u2019une des silhouettes les plus nettes du \u00ab long cort\u00e8ge d\u2019ombres \u00bb c\u00e9l\u00e9br\u00e9 par Andr\u00e9 Malraux.<br><br>Le colloque du 18 f\u00e9vrier 2023, parrain\u00e9 par le s\u00e9nateur Pierre Ouzoulias et plac\u00e9 sous la responsabilit\u00e9 scientifique de Denis Peschanski, directeur de recherche au CNRS et conseiller historique de l\u2019initiative, donnera la parole \u00e0 des universitaires et des personnalit\u00e9s politiques. Il est organis\u00e9 en trois sessions : Les \u00e9trangers dans la R\u00e9sistance ; La m\u00e9moire de la R\u00e9sistance des \u00e9trangers ; Regards politiques sur la m\u00e9moire de la R\u00e9sistance et l\u2019entr\u00e9e au Panth\u00e9on de Missak Manouchian. La parole sera \u00e9galement donn\u00e9e \u00e0 Katia Guiragossian, petite-ni\u00e8ce de M\u00e9lin\u00e9e et Missak Manouchian, qui l\u00e8vera le voile sur les archives familiales in\u00e9dites du grand r\u00e9sistant.<\/p>\n<\/div>\n<\/div>\n","protected":false},"excerpt":{"rendered":"<p>VISIONNEZ LE COLLOQUE DU 18 F\u00c9VRIER 2024 Durant la Seconde Guerre mondiale, les \u00e9trangers ont occup\u00e9 une place d\u00e9cisive dans la r\u00e9sistance au nazisme. Venus en France pour des raisons \u00e9conomiques ou politiques, Italiens antifascistes, Espagnols r\u00e9publicains, Arm\u00e9niens rescap\u00e9s du g\u00e9nocide, Juifs d\u2019Allemagne et d\u2019Europe centrale menac\u00e9s par les pogroms, se sont battus pour le [&hellip;]<\/p>\n","protected":false},"author":7,"featured_media":0,"comment_status":"closed","ping_status":"","sticky":false,"template":"","format":"standard","meta":{"footnotes":""},"categories":[33],"tags":[],"class_list":["post-4346","post","type-post","status-publish","format-standard","hentry","category-vers-la-pantheonisation"],"_links":{"self":[{"href":"https:\/\/manouchian-au-pantheon.org\/index.php\/wp-json\/wp\/v2\/posts\/4346","targetHints":{"allow":["GET"]}}],"collection":[{"href":"https:\/\/manouchian-au-pantheon.org\/index.php\/wp-json\/wp\/v2\/posts"}],"about":[{"href":"https:\/\/manouchian-au-pantheon.org\/index.php\/wp-json\/wp\/v2\/types\/post"}],"author":[{"embeddable":true,"href":"https:\/\/manouchian-au-pantheon.org\/index.php\/wp-json\/wp\/v2\/users\/7"}],"replies":[{"embeddable":true,"href":"https:\/\/manouchian-au-pantheon.org\/index.php\/wp-json\/wp\/v2\/comments?post=4346"}],"version-history":[{"count":4,"href":"https:\/\/manouchian-au-pantheon.org\/index.php\/wp-json\/wp\/v2\/posts\/4346\/revisions"}],"predecessor-version":[{"id":4350,"href":"https:\/\/manouchian-au-pantheon.org\/index.php\/wp-json\/wp\/v2\/posts\/4346\/revisions\/4350"}],"wp:attachment":[{"href":"https:\/\/manouchian-au-pantheon.org\/index.php\/wp-json\/wp\/v2\/media?parent=4346"}],"wp:term":[{"taxonomy":"category","embeddable":true,"href":"https:\/\/manouchian-au-pantheon.org\/index.php\/wp-json\/wp\/v2\/categories?post=4346"},{"taxonomy":"post_tag","embeddable":true,"href":"https:\/\/manouchian-au-pantheon.org\/index.php\/wp-json\/wp\/v2\/tags?post=4346"}],"curies":[{"name":"wp","href":"https:\/\/api.w.org\/{rel}","templated":true}]}}