{"id":4351,"date":"2024-01-18T10:48:01","date_gmt":"2024-01-18T09:48:01","guid":{"rendered":"https:\/\/manouchian-au-pantheon.org\/?p=4351"},"modified":"2024-01-18T10:58:07","modified_gmt":"2024-01-18T09:58:07","slug":"conference-de-lexil-au-pantheon","status":"publish","type":"post","link":"https:\/\/manouchian-au-pantheon.org\/index.php\/2024\/01\/18\/conference-de-lexil-au-pantheon\/","title":{"rendered":"Conf\u00e9rence de l&rsquo;Exil au Panth\u00e9on"},"content":{"rendered":"\n<div class=\"wp-block-columns are-vertically-aligned-top is-layout-flex wp-container-core-columns-is-layout-9d6595d7 wp-block-columns-is-layout-flex\">\n<div class=\"wp-block-column is-vertically-aligned-top is-layout-flow wp-block-column-is-layout-flow\">\n<p style=\"font-size:30px\"><strong>Rencontre Inaugurale, <br>le Jeudi 25 janvier 2024 \u00e0 18h30<\/strong><\/p>\n\n\n\n<p style=\"font-size:20px\"><strong>De l\u2019exil au Panth\u00e9on, Missak Manouchian.<br>Avec Jean-Pierre Sakoun et Laurent Kupferman.<\/strong><\/p>\n\n\n\n<p style=\"font-size:18px\">Toute une ann\u00e9e Manouchian !<br>Premi\u00e8re rencontre de la programmation Missak Manouchian et M\u00e9lin\u00e9e, <br>une vie en R\u00e9sistance, pilot\u00e9e par Le CPA et Unit\u00e9 La\u00efque, <br>aux c\u00f4t\u00e9s de nombreux partenaires de l\u2019Agglo.<\/p>\n\n\n\n<p style=\"font-size:15px\"><br><br><br><strong>Jeudi 25 janvier 2024, 18h30<br>Centre du Patrimoine Arm\u00e9nien de Valence<\/strong><br><strong>14 Rue Louis Gallet, 26000 Valence<\/strong><br><strong>Entr\u00e9e libre<\/strong><\/p>\n<\/div>\n\n\n\n<div class=\"wp-block-column is-vertically-aligned-top is-layout-flow wp-block-column-is-layout-flow\">\n<figure class=\"wp-block-image size-full is-resized\"><img loading=\"lazy\" decoding=\"async\" width=\"648\" height=\"912\" src=\"https:\/\/manouchian-au-pantheon.org\/wp-content\/uploads\/2024\/01\/Affiche-MM-Vie-en-resistance.jpg\" alt=\"\" class=\"wp-image-4365\" style=\"width:376px;height:auto\" srcset=\"https:\/\/manouchian-au-pantheon.org\/wp-content\/uploads\/2024\/01\/Affiche-MM-Vie-en-resistance.jpg 648w, https:\/\/manouchian-au-pantheon.org\/wp-content\/uploads\/2024\/01\/Affiche-MM-Vie-en-resistance-213x300.jpg 213w, https:\/\/manouchian-au-pantheon.org\/wp-content\/uploads\/2024\/01\/Affiche-MM-Vie-en-resistance-17x24.jpg 17w, https:\/\/manouchian-au-pantheon.org\/wp-content\/uploads\/2024\/01\/Affiche-MM-Vie-en-resistance-26x36.jpg 26w, https:\/\/manouchian-au-pantheon.org\/wp-content\/uploads\/2024\/01\/Affiche-MM-Vie-en-resistance-34x48.jpg 34w\" sizes=\"auto, (max-width: 648px) 100vw, 648px\" \/><\/figure>\n<\/div>\n<\/div>\n","protected":false},"excerpt":{"rendered":"<p>Rencontre Inaugurale, le Jeudi 25 janvier 2024 \u00e0 18h30 De l\u2019exil au Panth\u00e9on, Missak Manouchian.Avec Jean-Pierre Sakoun et Laurent Kupferman. Toute une ann\u00e9e Manouchian !Premi\u00e8re rencontre de la programmation Missak Manouchian et M\u00e9lin\u00e9e, une vie en R\u00e9sistance, pilot\u00e9e par Le CPA et Unit\u00e9 La\u00efque, aux c\u00f4t\u00e9s de nombreux partenaires de l\u2019Agglo. Jeudi 25 janvier 2024, [&hellip;]<\/p>\n","protected":false},"author":7,"featured_media":0,"comment_status":"closed","ping_status":"","sticky":false,"template":"","format":"standard","meta":{"footnotes":""},"categories":[37],"tags":[],"class_list":["post-4351","post","type-post","status-publish","format-standard","hentry","category-saison-2024-a-valence"],"_links":{"self":[{"href":"https:\/\/manouchian-au-pantheon.org\/index.php\/wp-json\/wp\/v2\/posts\/4351","targetHints":{"allow":["GET"]}}],"collection":[{"href":"https:\/\/manouchian-au-pantheon.org\/index.php\/wp-json\/wp\/v2\/posts"}],"about":[{"href":"https:\/\/manouchian-au-pantheon.org\/index.php\/wp-json\/wp\/v2\/types\/post"}],"author":[{"embeddable":true,"href":"https:\/\/manouchian-au-pantheon.org\/index.php\/wp-json\/wp\/v2\/users\/7"}],"replies":[{"embeddable":true,"href":"https:\/\/manouchian-au-pantheon.org\/index.php\/wp-json\/wp\/v2\/comments?post=4351"}],"version-history":[{"count":21,"href":"https:\/\/manouchian-au-pantheon.org\/index.php\/wp-json\/wp\/v2\/posts\/4351\/revisions"}],"predecessor-version":[{"id":4377,"href":"https:\/\/manouchian-au-pantheon.org\/index.php\/wp-json\/wp\/v2\/posts\/4351\/revisions\/4377"}],"wp:attachment":[{"href":"https:\/\/manouchian-au-pantheon.org\/index.php\/wp-json\/wp\/v2\/media?parent=4351"}],"wp:term":[{"taxonomy":"category","embeddable":true,"href":"https:\/\/manouchian-au-pantheon.org\/index.php\/wp-json\/wp\/v2\/categories?post=4351"},{"taxonomy":"post_tag","embeddable":true,"href":"https:\/\/manouchian-au-pantheon.org\/index.php\/wp-json\/wp\/v2\/tags?post=4351"}],"curies":[{"name":"wp","href":"https:\/\/api.w.org\/{rel}","templated":true}]}}