{"id":4363,"date":"2024-01-18T11:02:30","date_gmt":"2024-01-18T10:02:30","guid":{"rendered":"https:\/\/manouchian-au-pantheon.org\/?p=4363"},"modified":"2024-01-18T11:04:22","modified_gmt":"2024-01-18T10:04:22","slug":"spectacle-musical-de-seda-melik","status":"publish","type":"post","link":"https:\/\/manouchian-au-pantheon.org\/index.php\/2024\/01\/18\/spectacle-musical-de-seda-melik\/","title":{"rendered":"Spectacle musical, de Seda Melik"},"content":{"rendered":"\n<div class=\"wp-block-columns is-layout-flex wp-container-core-columns-is-layout-9d6595d7 wp-block-columns-is-layout-flex\">\n<div class=\"wp-block-column is-layout-flow wp-block-column-is-layout-flow\">\n<p style=\"font-size:30px\"><strong>\u00ab Ma ch\u00e8re M\u00e9lin\u00e9e&#8230; \u00bb, <\/strong><br><strong>le Jeudi 15 f\u00e9vrier 2024 \u00e0 18h30<\/strong><\/p>\n\n\n\n<p style=\"font-size:18px\">Ce r\u00e9cit de vie cont\u00e9 par S\u00e9da Melik s\u2019inspire du t\u00e9moignage de M\u00e9lin\u00e9e, immigr\u00e9e r\u00e9sistante d\u2019origine arm\u00e9nienne qui \u00e9pousa Missak Manouchian en 1936. Le spectacle, port\u00e9 par sa voix en dialogue avec celle de Missak, m\u00eale musique, chants et po\u00e8mes de Louis Aragon, Rouben Melik, Paul \u00c9luard, et bien \u00e9videmment de Missak Manouchian. <br>Ce spectacle est interpr\u00e9t\u00e9 par les com\u00e9diens de la Compagnie la Sc\u00e8ne Nationale Sept et mis en musique par les musiciens du groupe Lavach.<\/p>\n\n\n\n<p><strong>Jeudi 15 f\u00e9vrier 2024, 18h30<br>Centre du Patrimoine Arm\u00e9nien de Valence<\/strong><br><strong>14 Rue Louis Gallet, 26000 Valence<\/strong><br><strong>Tout public \u2013 Tarifs : 8 \u20ac \/ 6 \u20ac \u2013 Sur r\u00e9servation<\/strong><\/p>\n<\/div>\n\n\n\n<div class=\"wp-block-column is-layout-flow wp-block-column-is-layout-flow\">\n<figure class=\"wp-block-image size-full is-resized\"><img loading=\"lazy\" decoding=\"async\" width=\"925\" height=\"772\" src=\"https:\/\/manouchian-au-pantheon.org\/wp-content\/uploads\/2024\/01\/spectacle-seda-melik.png\" alt=\"\" class=\"wp-image-4364\" style=\"width:414px;height:auto\" srcset=\"https:\/\/manouchian-au-pantheon.org\/wp-content\/uploads\/2024\/01\/spectacle-seda-melik.png 925w, https:\/\/manouchian-au-pantheon.org\/wp-content\/uploads\/2024\/01\/spectacle-seda-melik-300x250.png 300w, https:\/\/manouchian-au-pantheon.org\/wp-content\/uploads\/2024\/01\/spectacle-seda-melik-768x641.png 768w, https:\/\/manouchian-au-pantheon.org\/wp-content\/uploads\/2024\/01\/spectacle-seda-melik-24x20.png 24w, https:\/\/manouchian-au-pantheon.org\/wp-content\/uploads\/2024\/01\/spectacle-seda-melik-36x30.png 36w, https:\/\/manouchian-au-pantheon.org\/wp-content\/uploads\/2024\/01\/spectacle-seda-melik-48x40.png 48w\" sizes=\"auto, (max-width: 925px) 100vw, 925px\" \/><\/figure>\n<\/div>\n<\/div>\n","protected":false},"excerpt":{"rendered":"<p>\u00ab Ma ch\u00e8re M\u00e9lin\u00e9e&#8230; \u00bb, le Jeudi 15 f\u00e9vrier 2024 \u00e0 18h30 Ce r\u00e9cit de vie cont\u00e9 par S\u00e9da Melik s\u2019inspire du t\u00e9moignage de M\u00e9lin\u00e9e, immigr\u00e9e r\u00e9sistante d\u2019origine arm\u00e9nienne qui \u00e9pousa Missak Manouchian en 1936. Le spectacle, port\u00e9 par sa voix en dialogue avec celle de Missak, m\u00eale musique, chants et po\u00e8mes de Louis Aragon, [&hellip;]<\/p>\n","protected":false},"author":7,"featured_media":0,"comment_status":"closed","ping_status":"","sticky":false,"template":"","format":"standard","meta":{"footnotes":""},"categories":[37],"tags":[],"class_list":["post-4363","post","type-post","status-publish","format-standard","hentry","category-saison-2024-a-valence"],"_links":{"self":[{"href":"https:\/\/manouchian-au-pantheon.org\/index.php\/wp-json\/wp\/v2\/posts\/4363","targetHints":{"allow":["GET"]}}],"collection":[{"href":"https:\/\/manouchian-au-pantheon.org\/index.php\/wp-json\/wp\/v2\/posts"}],"about":[{"href":"https:\/\/manouchian-au-pantheon.org\/index.php\/wp-json\/wp\/v2\/types\/post"}],"author":[{"embeddable":true,"href":"https:\/\/manouchian-au-pantheon.org\/index.php\/wp-json\/wp\/v2\/users\/7"}],"replies":[{"embeddable":true,"href":"https:\/\/manouchian-au-pantheon.org\/index.php\/wp-json\/wp\/v2\/comments?post=4363"}],"version-history":[{"count":7,"href":"https:\/\/manouchian-au-pantheon.org\/index.php\/wp-json\/wp\/v2\/posts\/4363\/revisions"}],"predecessor-version":[{"id":4385,"href":"https:\/\/manouchian-au-pantheon.org\/index.php\/wp-json\/wp\/v2\/posts\/4363\/revisions\/4385"}],"wp:attachment":[{"href":"https:\/\/manouchian-au-pantheon.org\/index.php\/wp-json\/wp\/v2\/media?parent=4363"}],"wp:term":[{"taxonomy":"category","embeddable":true,"href":"https:\/\/manouchian-au-pantheon.org\/index.php\/wp-json\/wp\/v2\/categories?post=4363"},{"taxonomy":"post_tag","embeddable":true,"href":"https:\/\/manouchian-au-pantheon.org\/index.php\/wp-json\/wp\/v2\/tags?post=4363"}],"curies":[{"name":"wp","href":"https:\/\/api.w.org\/{rel}","templated":true}]}}