{"id":4392,"date":"2024-01-24T17:07:01","date_gmt":"2024-01-24T16:07:01","guid":{"rendered":"https:\/\/manouchian-au-pantheon.org\/?p=4392"},"modified":"2024-01-30T13:52:50","modified_gmt":"2024-01-30T12:52:50","slug":"soiree-dhommage-aux-manouchian-au-cpf","status":"publish","type":"post","link":"https:\/\/manouchian-au-pantheon.org\/index.php\/2024\/01\/24\/soiree-dhommage-aux-manouchian-au-cpf\/","title":{"rendered":"Soir\u00e9e d\u2019hommage aux Manouchian au PCF"},"content":{"rendered":"\n<div class=\"wp-block-columns is-layout-flex wp-container-core-columns-is-layout-9d6595d7 wp-block-columns-is-layout-flex\">\n<div class=\"wp-block-column is-vertically-aligned-center is-layout-flow wp-block-column-is-layout-flow\" style=\"flex-basis:33.33%\">\n<p style=\"font-size:25px;font-style:normal;font-weight:600\">Vernissage de l\u2019exposition<br>&amp; table ronde<\/p>\n\n\n\n<p>Si\u00e8ge national du PCF<br>2, place du Colonel-Fabien, Paris 19<\/p>\n\n\n\n<p><strong>Le Lundi 5 f\u00e9vrier 2024 de 19h \u00e0 22h<\/strong><\/p>\n\n\n\n<p class=\"has-medium-font-size\"><strong><a href=\"https:\/\/www.pcf.fr\/soiree_hommage_manouchian\" data-type=\"link\" data-id=\"https:\/\/www.pcf.fr\/soiree_hommage_manouchian\">Inscription obligatoire ICI<\/a><\/strong><\/p>\n<\/div>\n\n\n\n<div class=\"wp-block-column is-layout-flow wp-block-column-is-layout-flow\" style=\"flex-basis:66.66%\">\n<figure class=\"wp-block-image size-large\"><img loading=\"lazy\" decoding=\"async\" width=\"1024\" height=\"718\" src=\"https:\/\/manouchian-au-pantheon.org\/wp-content\/uploads\/2024\/01\/invitation_soiree_manouchian-1024x718.jpg\" alt=\"\" class=\"wp-image-4393\" srcset=\"https:\/\/manouchian-au-pantheon.org\/wp-content\/uploads\/2024\/01\/invitation_soiree_manouchian-1024x718.jpg 1024w, https:\/\/manouchian-au-pantheon.org\/wp-content\/uploads\/2024\/01\/invitation_soiree_manouchian-300x210.jpg 300w, https:\/\/manouchian-au-pantheon.org\/wp-content\/uploads\/2024\/01\/invitation_soiree_manouchian-768x538.jpg 768w, https:\/\/manouchian-au-pantheon.org\/wp-content\/uploads\/2024\/01\/invitation_soiree_manouchian-1536x1077.jpg 1536w, https:\/\/manouchian-au-pantheon.org\/wp-content\/uploads\/2024\/01\/invitation_soiree_manouchian-2048x1436.jpg 2048w, https:\/\/manouchian-au-pantheon.org\/wp-content\/uploads\/2024\/01\/invitation_soiree_manouchian-24x17.jpg 24w, https:\/\/manouchian-au-pantheon.org\/wp-content\/uploads\/2024\/01\/invitation_soiree_manouchian-36x25.jpg 36w, https:\/\/manouchian-au-pantheon.org\/wp-content\/uploads\/2024\/01\/invitation_soiree_manouchian-48x34.jpg 48w\" sizes=\"auto, (max-width: 1024px) 100vw, 1024px\" \/><\/figure>\n<\/div>\n<\/div>\n","protected":false},"excerpt":{"rendered":"<p>Vernissage de l\u2019exposition&amp; table ronde Si\u00e8ge national du PCF2, place du Colonel-Fabien, Paris 19 Le Lundi 5 f\u00e9vrier 2024 de 19h \u00e0 22h Inscription obligatoire ICI<\/p>\n","protected":false},"author":7,"featured_media":0,"comment_status":"closed","ping_status":"closed","sticky":false,"template":"","format":"standard","meta":{"footnotes":""},"categories":[35],"tags":[],"class_list":["post-4392","post","type-post","status-publish","format-standard","hentry","category-manouchian-2024"],"_links":{"self":[{"href":"https:\/\/manouchian-au-pantheon.org\/index.php\/wp-json\/wp\/v2\/posts\/4392","targetHints":{"allow":["GET"]}}],"collection":[{"href":"https:\/\/manouchian-au-pantheon.org\/index.php\/wp-json\/wp\/v2\/posts"}],"about":[{"href":"https:\/\/manouchian-au-pantheon.org\/index.php\/wp-json\/wp\/v2\/types\/post"}],"author":[{"embeddable":true,"href":"https:\/\/manouchian-au-pantheon.org\/index.php\/wp-json\/wp\/v2\/users\/7"}],"replies":[{"embeddable":true,"href":"https:\/\/manouchian-au-pantheon.org\/index.php\/wp-json\/wp\/v2\/comments?post=4392"}],"version-history":[{"count":4,"href":"https:\/\/manouchian-au-pantheon.org\/index.php\/wp-json\/wp\/v2\/posts\/4392\/revisions"}],"predecessor-version":[{"id":4399,"href":"https:\/\/manouchian-au-pantheon.org\/index.php\/wp-json\/wp\/v2\/posts\/4392\/revisions\/4399"}],"wp:attachment":[{"href":"https:\/\/manouchian-au-pantheon.org\/index.php\/wp-json\/wp\/v2\/media?parent=4392"}],"wp:term":[{"taxonomy":"category","embeddable":true,"href":"https:\/\/manouchian-au-pantheon.org\/index.php\/wp-json\/wp\/v2\/categories?post=4392"},{"taxonomy":"post_tag","embeddable":true,"href":"https:\/\/manouchian-au-pantheon.org\/index.php\/wp-json\/wp\/v2\/tags?post=4392"}],"curies":[{"name":"wp","href":"https:\/\/api.w.org\/{rel}","templated":true}]}}