{"id":4480,"date":"2024-01-30T16:38:06","date_gmt":"2024-01-30T15:38:06","guid":{"rendered":"https:\/\/manouchian-au-pantheon.org\/?p=4480"},"modified":"2024-01-30T16:38:06","modified_gmt":"2024-01-30T15:38:06","slug":"selection-livres-honorer-missak-manouchian","status":"publish","type":"post","link":"https:\/\/manouchian-au-pantheon.org\/index.php\/2024\/01\/30\/selection-livres-honorer-missak-manouchian\/","title":{"rendered":"S\u00e9lection livres, honorer Missak Manouchian"},"content":{"rendered":"\n<div class=\"wp-block-columns is-layout-flex wp-container-core-columns-is-layout-9d6595d7 wp-block-columns-is-layout-flex\">\n<div class=\"wp-block-column is-layout-flow wp-block-column-is-layout-flow\">\n<p class=\"has-medium-font-size\"><strong>Ivre d&rsquo;un grand r\u00eave de libert\u00e9<\/strong><\/p>\n\n\n\n<p>Par Missak Manouchian<br>Traduit par St\u00e9phane Cermakian<\/p>\n\n\n\n<p>Pour la premi\u00e8re fois traduite en int\u00e9gralit\u00e9, son \u0153uvre po\u00e9tique est un pr\u00e9ambule in\u00e9dit \u00e0 son engagement dans la R\u00e9sistance.<br><a href=\"http:\/\/Pour la premi\u00e8re fois traduite en int\u00e9gralit\u00e9, son \u0153uvre po\u00e9tique est un pr\u00e9ambule in\u00e9dit \u00e0 son engagement dans la R\u00e9sistance\">D\u00e9couvrir<\/a><\/p>\n\n\n<div class=\"wp-block-image\">\n<figure class=\"aligncenter size-full\"><a href=\"https:\/\/www.editionspoints.com\/ouvrage\/ivre-d-un-grand-reve-de-liberte-missak-manouchian\/9791041414673\"><img loading=\"lazy\" decoding=\"async\" width=\"421\" height=\"600\" src=\"https:\/\/manouchian-au-pantheon.org\/wp-content\/uploads\/2024\/01\/155160_couverture_Hres_0.jpg\" alt=\"\" class=\"wp-image-4481\" srcset=\"https:\/\/manouchian-au-pantheon.org\/wp-content\/uploads\/2024\/01\/155160_couverture_Hres_0.jpg 421w, https:\/\/manouchian-au-pantheon.org\/wp-content\/uploads\/2024\/01\/155160_couverture_Hres_0-211x300.jpg 211w, https:\/\/manouchian-au-pantheon.org\/wp-content\/uploads\/2024\/01\/155160_couverture_Hres_0-17x24.jpg 17w, https:\/\/manouchian-au-pantheon.org\/wp-content\/uploads\/2024\/01\/155160_couverture_Hres_0-25x36.jpg 25w, https:\/\/manouchian-au-pantheon.org\/wp-content\/uploads\/2024\/01\/155160_couverture_Hres_0-34x48.jpg 34w\" sizes=\"auto, (max-width: 421px) 100vw, 421px\" \/><\/a><\/figure>\n<\/div><\/div>\n\n\n\n<div class=\"wp-block-column is-layout-flow wp-block-column-is-layout-flow\">\n<h2 class=\"wp-block-heading has-medium-font-size\"><strong>Manouchian<br>T\u00e9moignage suivi de po\u00e8mes, <br>lettres et documents in\u00e9dits<\/strong><\/h2>\n\n\n\n<p>Par M\u00e9lin\u00e9e Manouchian<\/p>\n\n\n\n<p>Le t\u00e9moignage de M\u00e9lin\u00e9e Manouchian, est irrempla\u00e7able. Il est suivi ici de documents, qui \u00e9clairent d\u2019un jour nouveau la personnalit\u00e9 de cette grande figure de la R\u00e9sistance. Avec une pr\u00e9face de Katia Guiragossian.<br><a href=\"https:\/\/www.editionsparentheses.com\/MANOUCHIAN\" data-type=\"link\" data-id=\"https:\/\/www.editionsparentheses.com\/MANOUCHIAN\">D\u00e9couvrir<\/a><\/p>\n\n\n\n<figure class=\"wp-block-image size-full\"><a href=\"M\u00e9lin\u00e9e Manouchian MANOUCHIAN T\u00e9moignage suivi de po\u00e8mes, lettres et documents in\u00e9dits\"><img loading=\"lazy\" decoding=\"async\" width=\"600\" height=\"838\" src=\"https:\/\/manouchian-au-pantheon.org\/wp-content\/uploads\/2024\/01\/9782863644447_1_75.jpg\" alt=\"\" class=\"wp-image-4486\" srcset=\"https:\/\/manouchian-au-pantheon.org\/wp-content\/uploads\/2024\/01\/9782863644447_1_75.jpg 600w, https:\/\/manouchian-au-pantheon.org\/wp-content\/uploads\/2024\/01\/9782863644447_1_75-215x300.jpg 215w, https:\/\/manouchian-au-pantheon.org\/wp-content\/uploads\/2024\/01\/9782863644447_1_75-17x24.jpg 17w, https:\/\/manouchian-au-pantheon.org\/wp-content\/uploads\/2024\/01\/9782863644447_1_75-26x36.jpg 26w, https:\/\/manouchian-au-pantheon.org\/wp-content\/uploads\/2024\/01\/9782863644447_1_75-34x48.jpg 34w\" sizes=\"auto, (max-width: 600px) 100vw, 600px\" \/><\/a><\/figure>\n<\/div>\n\n\n\n<div class=\"wp-block-column is-layout-flow wp-block-column-is-layout-flow\">\n<p class=\"has-medium-font-size\"><strong>Missak Manouchian, <br>une vie h\u00e9ro\u00efque<\/strong><\/p>\n\n\n\n<p>Par Didier Daeninckx et Mako<\/p>\n\n\n\n<p>D\u00e9couvrez dans cette album illustr\u00e9 la vie de Missak Manouchian, r\u00e9sistant \u00e9tranger mort pour la France<strong>.<\/strong> Avec une pr\u00e9face de Jean-Pierre Sakoun.<br><a href=\"https:\/\/arenes.fr\/livre\/missak-manouchian\/\" data-type=\"link\" data-id=\"https:\/\/arenes.fr\/livre\/missak-manouchian\/\">D\u00e9couvrir<\/a> <\/p>\n\n\n\n<figure class=\"wp-block-image size-full\"><a href=\"https:\/\/arenes.fr\/livre\/missak-manouchian\/\"><img loading=\"lazy\" decoding=\"async\" width=\"400\" height=\"574\" src=\"https:\/\/manouchian-au-pantheon.org\/wp-content\/uploads\/2024\/01\/Missak-Manouchian-Avec-Didier-Daeninckx.jpg\" alt=\"\" class=\"wp-image-4460\" srcset=\"https:\/\/manouchian-au-pantheon.org\/wp-content\/uploads\/2024\/01\/Missak-Manouchian-Avec-Didier-Daeninckx.jpg 400w, https:\/\/manouchian-au-pantheon.org\/wp-content\/uploads\/2024\/01\/Missak-Manouchian-Avec-Didier-Daeninckx-209x300.jpg 209w, https:\/\/manouchian-au-pantheon.org\/wp-content\/uploads\/2024\/01\/Missak-Manouchian-Avec-Didier-Daeninckx-17x24.jpg 17w, https:\/\/manouchian-au-pantheon.org\/wp-content\/uploads\/2024\/01\/Missak-Manouchian-Avec-Didier-Daeninckx-25x36.jpg 25w, https:\/\/manouchian-au-pantheon.org\/wp-content\/uploads\/2024\/01\/Missak-Manouchian-Avec-Didier-Daeninckx-33x48.jpg 33w\" sizes=\"auto, (max-width: 400px) 100vw, 400px\" \/><\/a><\/figure>\n<\/div>\n<\/div>\n\n\n\n<div class=\"wp-block-columns is-layout-flex wp-container-core-columns-is-layout-9d6595d7 wp-block-columns-is-layout-flex\">\n<div class=\"wp-block-column is-layout-flow wp-block-column-is-layout-flow\">\n<p class=\"has-medium-font-size\"><strong>Missak et M\u00e9lin\u00e9e Manouchian, un couple en r\u00e9sistance<\/strong><\/p>\n\n\n\n<p>Par G\u00e9rard Streiff<\/p>\n\n\n\n<p>A l\u2019occasion de la panth\u00e9onisation, le 21 f\u00e9vrier 2024, de Missak et M\u00e9lin\u00e9e Manouchian, la premi\u00e8re biographie crois\u00e9e de ce couple de h\u00e9ros, symbole d&rsquo;une population immigr\u00e9e engag\u00e9e dans la R\u00e9sistance. <br><a href=\"https:\/\/www.lisez.com\/livre-grand-format\/missak-et-melinee-manouchian-un-couple-en-resistance\/9782809849257\" data-type=\"link\" data-id=\"https:\/\/www.lisez.com\/livre-grand-format\/missak-et-melinee-manouchian-un-couple-en-resistance\/9782809849257\">D\u00e9couvrir<\/a><\/p>\n\n\n\n<figure class=\"wp-block-image size-full\"><a href=\"https:\/\/www.lisez.com\/livre-grand-format\/missak-et-melinee-manouchian-un-couple-en-resistance\/9782809849257\"><img loading=\"lazy\" decoding=\"async\" width=\"351\" height=\"557\" src=\"https:\/\/manouchian-au-pantheon.org\/wp-content\/uploads\/2024\/01\/9782809849257ORI.jpg\" alt=\"\" class=\"wp-image-4491\" srcset=\"https:\/\/manouchian-au-pantheon.org\/wp-content\/uploads\/2024\/01\/9782809849257ORI.jpg 351w, https:\/\/manouchian-au-pantheon.org\/wp-content\/uploads\/2024\/01\/9782809849257ORI-189x300.jpg 189w, https:\/\/manouchian-au-pantheon.org\/wp-content\/uploads\/2024\/01\/9782809849257ORI-15x24.jpg 15w, https:\/\/manouchian-au-pantheon.org\/wp-content\/uploads\/2024\/01\/9782809849257ORI-23x36.jpg 23w, https:\/\/manouchian-au-pantheon.org\/wp-content\/uploads\/2024\/01\/9782809849257ORI-30x48.jpg 30w\" sizes=\"auto, (max-width: 351px) 100vw, 351px\" \/><\/a><\/figure>\n<\/div>\n\n\n\n<div class=\"wp-block-column is-layout-flow wp-block-column-is-layout-flow\">\n<p class=\"has-medium-font-size\"><strong>Manouchian<\/strong><\/p>\n\n\n\n<p>Par Astrig Atamian, Claire Mouradian et Denis Peschanski<\/p>\n\n\n\n<p>Missak et M\u00e9lin\u00e9e Manouchian, deux orphelins du g\u00e9nocide des Arm\u00e9niens engag\u00e9s dans la R\u00e9sistance fran\u00e7aise.<br><a href=\"https:\/\/www.editionstextuel.com\/livre\/manouchian\" data-type=\"link\" data-id=\"https:\/\/www.editionstextuel.com\/livre\/manouchian\">D\u00e9couvrir<\/a><\/p>\n\n\n\n<figure class=\"wp-block-image size-full is-resized\"><img loading=\"lazy\" decoding=\"async\" width=\"198\" height=\"254\" src=\"https:\/\/manouchian-au-pantheon.org\/wp-content\/uploads\/2023\/11\/index.jpg\" alt=\"\" class=\"wp-image-4256\" style=\"width:274px;height:auto\" srcset=\"https:\/\/manouchian-au-pantheon.org\/wp-content\/uploads\/2023\/11\/index.jpg 198w, https:\/\/manouchian-au-pantheon.org\/wp-content\/uploads\/2023\/11\/index-19x24.jpg 19w, https:\/\/manouchian-au-pantheon.org\/wp-content\/uploads\/2023\/11\/index-28x36.jpg 28w, https:\/\/manouchian-au-pantheon.org\/wp-content\/uploads\/2023\/11\/index-37x48.jpg 37w\" sizes=\"auto, (max-width: 198px) 100vw, 198px\" \/><\/figure>\n<\/div>\n\n\n\n<div class=\"wp-block-column is-layout-flow wp-block-column-is-layout-flow\"><\/div>\n<\/div>\n","protected":false},"excerpt":{"rendered":"<p>Ivre d&rsquo;un grand r\u00eave de libert\u00e9 Par Missak ManouchianTraduit par St\u00e9phane Cermakian Pour la premi\u00e8re fois traduite en int\u00e9gralit\u00e9, son \u0153uvre po\u00e9tique est un pr\u00e9ambule in\u00e9dit \u00e0 son engagement dans la R\u00e9sistance.D\u00e9couvrir ManouchianT\u00e9moignage suivi de po\u00e8mes, lettres et documents in\u00e9dits Par M\u00e9lin\u00e9e Manouchian Le t\u00e9moignage de M\u00e9lin\u00e9e Manouchian, est irrempla\u00e7able. Il est suivi ici de [&hellip;]<\/p>\n","protected":false},"author":7,"featured_media":0,"comment_status":"closed","ping_status":"","sticky":false,"template":"","format":"standard","meta":{"footnotes":""},"categories":[34],"tags":[],"class_list":["post-4480","post","type-post","status-publish","format-standard","hentry","category-presse-medias-work"],"_links":{"self":[{"href":"https:\/\/manouchian-au-pantheon.org\/index.php\/wp-json\/wp\/v2\/posts\/4480","targetHints":{"allow":["GET"]}}],"collection":[{"href":"https:\/\/manouchian-au-pantheon.org\/index.php\/wp-json\/wp\/v2\/posts"}],"about":[{"href":"https:\/\/manouchian-au-pantheon.org\/index.php\/wp-json\/wp\/v2\/types\/post"}],"author":[{"embeddable":true,"href":"https:\/\/manouchian-au-pantheon.org\/index.php\/wp-json\/wp\/v2\/users\/7"}],"replies":[{"embeddable":true,"href":"https:\/\/manouchian-au-pantheon.org\/index.php\/wp-json\/wp\/v2\/comments?post=4480"}],"version-history":[{"count":9,"href":"https:\/\/manouchian-au-pantheon.org\/index.php\/wp-json\/wp\/v2\/posts\/4480\/revisions"}],"predecessor-version":[{"id":4493,"href":"https:\/\/manouchian-au-pantheon.org\/index.php\/wp-json\/wp\/v2\/posts\/4480\/revisions\/4493"}],"wp:attachment":[{"href":"https:\/\/manouchian-au-pantheon.org\/index.php\/wp-json\/wp\/v2\/media?parent=4480"}],"wp:term":[{"taxonomy":"category","embeddable":true,"href":"https:\/\/manouchian-au-pantheon.org\/index.php\/wp-json\/wp\/v2\/categories?post=4480"},{"taxonomy":"post_tag","embeddable":true,"href":"https:\/\/manouchian-au-pantheon.org\/index.php\/wp-json\/wp\/v2\/tags?post=4480"}],"curies":[{"name":"wp","href":"https:\/\/api.w.org\/{rel}","templated":true}]}}