{"id":4592,"date":"2024-02-15T12:27:20","date_gmt":"2024-02-15T11:27:20","guid":{"rendered":"https:\/\/manouchian-au-pantheon.org\/?p=4592"},"modified":"2024-02-15T12:27:20","modified_gmt":"2024-02-15T11:27:20","slug":"manouchian-au-pantheon-pour-la-republique-pour-la-jeunesse","status":"publish","type":"post","link":"https:\/\/manouchian-au-pantheon.org\/index.php\/2024\/02\/15\/manouchian-au-pantheon-pour-la-republique-pour-la-jeunesse\/","title":{"rendered":"Manouchian au Panth\u00e9on. Pour la R\u00e9publique, pour la jeunesse."},"content":{"rendered":"\n<p style=\"font-size:25px;font-style:normal;font-weight:600\">J-5 Notre Id\u00e9al<\/p>\n\n\n\n<div class=\"wp-block-columns is-layout-flex wp-container-core-columns-is-layout-9d6595d7 wp-block-columns-is-layout-flex\">\n<div class=\"wp-block-column is-layout-flow wp-block-column-is-layout-flow\" style=\"flex-basis:66.66%\">\n<p><strong>Unit\u00e9 La\u00efque est une association populaire dont l\u2019objectif est de peser sur le d\u00e9bat politique et social pour rappeler la justesse et la l\u00e9gitimit\u00e9 des principes r\u00e9publicains qui nous animent.<\/strong><\/p>\n\n\n\n<p>Missak Manouchian, symbole de la r\u00e9sistance des \u00e9trangers est le porte-drapeau de notre id\u00e9al. Celui d\u2019une Nation libre, \u00e9gale, fraternelle, dans laquelle on est citoyen fran\u00e7ais parce qu\u2019on adh\u00e8re aux valeurs d\u2019\u00e9mancipation et de justice port\u00e9es par les Lumi\u00e8res et la R\u00e9volution fran\u00e7aise.<\/p>\n\n\n\n<p>Missak Manouchian et les r\u00e9sistants \u00e9trangers morts pour la France sont aux antipodes de la x\u00e9nophobie et du racisme qui s\u2019insinuent aujourd\u2019hui dans le d\u00e9bat national sur la pr\u00e9sence des immigr\u00e9s dans notre pays. Ils sont plus fran\u00e7ais que les policiers des Brigades sp\u00e9ciales des Renseignements g\u00e9n\u00e9raux de la Pr\u00e9fecture de Police qui les ont arr\u00eat\u00e9s, tortur\u00e9s, avant de les livrer aux Allemands.<\/p>\n\n\n\n<p>Missak et ses compagnons sont aussi \u00e0 l\u2019oppos\u00e9 de ces extr\u00e9mistes anti-la\u00efques et antir\u00e9publicains qui, par haine des principes lib\u00e9rateurs de la R\u00e9volution, tentent de convaincre les immigr\u00e9s de fra\u00eeche date ou pr\u00e9sents en France depuis plus longtemps de ne pas s\u2019assimiler \u00e0 leur nouveau pays, de ne pas en partager les valeurs, parfois m\u00eame de les ha\u00efr et de les combattre.<\/p>\n\n\n\n<p>Missak et ses fr\u00e8res d\u2019armes ont aim\u00e9 la France \u00e9mancipatrice et l\u2019internationalisme au point de leur donner leur vie et d\u2019\u00eatre aujourd\u2019hui reconnus comme les plus fran\u00e7ais des h\u00e9ros.<\/p>\n\n\n\n<p>Nous sommes fiers d\u2019\u00eatre les inspirateurs de ce message de fraternit\u00e9 dans la citoyennet\u00e9, un message qui s\u2019adresse particuli\u00e8rement \u00e0 la jeunesse.<\/p>\n<\/div>\n\n\n\n<div class=\"wp-block-column is-layout-flow wp-block-column-is-layout-flow\" style=\"flex-basis:33.33%\">\n<figure class=\"wp-block-image size-large\"><img loading=\"lazy\" decoding=\"async\" width=\"773\" height=\"1024\" src=\"https:\/\/manouchian-au-pantheon.org\/wp-content\/uploads\/2024\/02\/News-Letter-15-fevrier-2024-J-5--773x1024.jpg\" alt=\"\" class=\"wp-image-4593\" srcset=\"https:\/\/manouchian-au-pantheon.org\/wp-content\/uploads\/2024\/02\/News-Letter-15-fevrier-2024-J-5--773x1024.jpg 773w, https:\/\/manouchian-au-pantheon.org\/wp-content\/uploads\/2024\/02\/News-Letter-15-fevrier-2024-J-5--226x300.jpg 226w, https:\/\/manouchian-au-pantheon.org\/wp-content\/uploads\/2024\/02\/News-Letter-15-fevrier-2024-J-5--768x1017.jpg 768w, https:\/\/manouchian-au-pantheon.org\/wp-content\/uploads\/2024\/02\/News-Letter-15-fevrier-2024-J-5--1160x1536.jpg 1160w, https:\/\/manouchian-au-pantheon.org\/wp-content\/uploads\/2024\/02\/News-Letter-15-fevrier-2024-J-5--1546x2048.jpg 1546w, https:\/\/manouchian-au-pantheon.org\/wp-content\/uploads\/2024\/02\/News-Letter-15-fevrier-2024-J-5--18x24.jpg 18w, https:\/\/manouchian-au-pantheon.org\/wp-content\/uploads\/2024\/02\/News-Letter-15-fevrier-2024-J-5--27x36.jpg 27w, https:\/\/manouchian-au-pantheon.org\/wp-content\/uploads\/2024\/02\/News-Letter-15-fevrier-2024-J-5--36x48.jpg 36w, https:\/\/manouchian-au-pantheon.org\/wp-content\/uploads\/2024\/02\/News-Letter-15-fevrier-2024-J-5--scaled.jpg 1933w\" sizes=\"auto, (max-width: 773px) 100vw, 773px\" \/><\/figure>\n<\/div>\n<\/div>\n","protected":false},"excerpt":{"rendered":"<p>J-5 Notre Id\u00e9al Unit\u00e9 La\u00efque est une association populaire dont l\u2019objectif est de peser sur le d\u00e9bat politique et social pour rappeler la justesse et la l\u00e9gitimit\u00e9 des principes r\u00e9publicains qui nous animent. Missak Manouchian, symbole de la r\u00e9sistance des \u00e9trangers est le porte-drapeau de notre id\u00e9al. Celui d\u2019une Nation libre, \u00e9gale, fraternelle, dans laquelle [&hellip;]<\/p>\n","protected":false},"author":7,"featured_media":0,"comment_status":"closed","ping_status":"","sticky":false,"template":"","format":"standard","meta":{"footnotes":""},"categories":[35],"tags":[],"class_list":["post-4592","post","type-post","status-publish","format-standard","hentry","category-manouchian-2024"],"_links":{"self":[{"href":"https:\/\/manouchian-au-pantheon.org\/index.php\/wp-json\/wp\/v2\/posts\/4592","targetHints":{"allow":["GET"]}}],"collection":[{"href":"https:\/\/manouchian-au-pantheon.org\/index.php\/wp-json\/wp\/v2\/posts"}],"about":[{"href":"https:\/\/manouchian-au-pantheon.org\/index.php\/wp-json\/wp\/v2\/types\/post"}],"author":[{"embeddable":true,"href":"https:\/\/manouchian-au-pantheon.org\/index.php\/wp-json\/wp\/v2\/users\/7"}],"replies":[{"embeddable":true,"href":"https:\/\/manouchian-au-pantheon.org\/index.php\/wp-json\/wp\/v2\/comments?post=4592"}],"version-history":[{"count":1,"href":"https:\/\/manouchian-au-pantheon.org\/index.php\/wp-json\/wp\/v2\/posts\/4592\/revisions"}],"predecessor-version":[{"id":4594,"href":"https:\/\/manouchian-au-pantheon.org\/index.php\/wp-json\/wp\/v2\/posts\/4592\/revisions\/4594"}],"wp:attachment":[{"href":"https:\/\/manouchian-au-pantheon.org\/index.php\/wp-json\/wp\/v2\/media?parent=4592"}],"wp:term":[{"taxonomy":"category","embeddable":true,"href":"https:\/\/manouchian-au-pantheon.org\/index.php\/wp-json\/wp\/v2\/categories?post=4592"},{"taxonomy":"post_tag","embeddable":true,"href":"https:\/\/manouchian-au-pantheon.org\/index.php\/wp-json\/wp\/v2\/tags?post=4592"}],"curies":[{"name":"wp","href":"https:\/\/api.w.org\/{rel}","templated":true}]}}