{"id":4601,"date":"2024-02-15T15:30:53","date_gmt":"2024-02-15T14:30:53","guid":{"rendered":"https:\/\/manouchian-au-pantheon.org\/?p=4601"},"modified":"2024-02-15T15:30:53","modified_gmt":"2024-02-15T14:30:53","slug":"la-semaine-de-paris-match","status":"publish","type":"post","link":"https:\/\/manouchian-au-pantheon.org\/index.php\/2024\/02\/15\/la-semaine-de-paris-match\/","title":{"rendered":"La semaine de Paris Match"},"content":{"rendered":"\n<p style=\"font-size:25px;font-style:normal;font-weight:600\">Missak Manouchian, les coulisses d&rsquo;une Panth\u00e9onisation.<\/p>\n\n\n\n<div class=\"wp-block-columns is-layout-flex wp-container-core-columns-is-layout-9d6595d7 wp-block-columns-is-layout-flex\">\n<div class=\"wp-block-column is-layout-flow wp-block-column-is-layout-flow\">\n<p style=\"font-size:20px;font-style:normal;font-weight:600\">Le r\u00e9sistant communiste arm\u00e9nien entrera le 21 f\u00e9vrier, accompagn\u00e9 de sa femme, dans le temple des immortels fran\u00e7ais.<\/p>\n\n\n\n<p>Quelques heures avant d&rsquo;\u00eatre fusill\u00e9 au Mont-Val\u00e9rien, comme vingt et un autres r\u00e9sistants de son groupe, le 21 f\u00e9vrier 1944, Missak Manouchian \u00e9crit \u00e0 sa femme, M\u00e9lin\u00e9e, une lettre d&rsquo;adieu proph\u00e9tique. \u00ab\u00a0Je suis s\u00fbr que le peuple fran\u00e7ais et tous les combattants de la libert\u00e9 sauront honorer notre m\u00e9moire dignement.\u00a0\u00bb<\/p>\n\n\n\n<p class=\"has-medium-font-size\"><strong><a href=\"https:\/\/manouchian-au-pantheon.org\/wp-content\/uploads\/2024\/02\/15.-PARIS-MATCH-du-15-Fevrier-2024-1.pdf\" data-type=\"link\" data-id=\"https:\/\/manouchian-au-pantheon.org\/wp-content\/uploads\/2024\/02\/15.-PARIS-MATCH-du-15-Fevrier-2024-1.pdf\">Lire l&rsquo;article complet<\/a><\/strong><\/p>\n<\/div>\n\n\n\n<div class=\"wp-block-column is-layout-flow wp-block-column-is-layout-flow\">\n<figure class=\"wp-block-image size-large is-resized\"><img loading=\"lazy\" decoding=\"async\" width=\"724\" height=\"1024\" src=\"https:\/\/manouchian-au-pantheon.org\/wp-content\/uploads\/2024\/02\/15.-PARIS-MATCH-du-15-Fevrier-2024-pdf-724x1024.jpg\" alt=\"\" class=\"wp-image-4602\" style=\"width:354px;height:auto\"\/><\/figure>\n<\/div>\n<\/div>\n","protected":false},"excerpt":{"rendered":"<p>Missak Manouchian, les coulisses d&rsquo;une Panth\u00e9onisation. Le r\u00e9sistant communiste arm\u00e9nien entrera le 21 f\u00e9vrier, accompagn\u00e9 de sa femme, dans le temple des immortels fran\u00e7ais. Quelques heures avant d&rsquo;\u00eatre fusill\u00e9 au Mont-Val\u00e9rien, comme vingt et un autres r\u00e9sistants de son groupe, le 21 f\u00e9vrier 1944, Missak Manouchian \u00e9crit \u00e0 sa femme, M\u00e9lin\u00e9e, une lettre d&rsquo;adieu proph\u00e9tique. [&hellip;]<\/p>\n","protected":false},"author":7,"featured_media":0,"comment_status":"closed","ping_status":"","sticky":false,"template":"","format":"standard","meta":{"footnotes":""},"categories":[34],"tags":[],"class_list":["post-4601","post","type-post","status-publish","format-standard","hentry","category-presse-medias-work"],"_links":{"self":[{"href":"https:\/\/manouchian-au-pantheon.org\/index.php\/wp-json\/wp\/v2\/posts\/4601","targetHints":{"allow":["GET"]}}],"collection":[{"href":"https:\/\/manouchian-au-pantheon.org\/index.php\/wp-json\/wp\/v2\/posts"}],"about":[{"href":"https:\/\/manouchian-au-pantheon.org\/index.php\/wp-json\/wp\/v2\/types\/post"}],"author":[{"embeddable":true,"href":"https:\/\/manouchian-au-pantheon.org\/index.php\/wp-json\/wp\/v2\/users\/7"}],"replies":[{"embeddable":true,"href":"https:\/\/manouchian-au-pantheon.org\/index.php\/wp-json\/wp\/v2\/comments?post=4601"}],"version-history":[{"count":1,"href":"https:\/\/manouchian-au-pantheon.org\/index.php\/wp-json\/wp\/v2\/posts\/4601\/revisions"}],"predecessor-version":[{"id":4604,"href":"https:\/\/manouchian-au-pantheon.org\/index.php\/wp-json\/wp\/v2\/posts\/4601\/revisions\/4604"}],"wp:attachment":[{"href":"https:\/\/manouchian-au-pantheon.org\/index.php\/wp-json\/wp\/v2\/media?parent=4601"}],"wp:term":[{"taxonomy":"category","embeddable":true,"href":"https:\/\/manouchian-au-pantheon.org\/index.php\/wp-json\/wp\/v2\/categories?post=4601"},{"taxonomy":"post_tag","embeddable":true,"href":"https:\/\/manouchian-au-pantheon.org\/index.php\/wp-json\/wp\/v2\/tags?post=4601"}],"curies":[{"name":"wp","href":"https:\/\/api.w.org\/{rel}","templated":true}]}}