{"id":4641,"date":"2024-02-19T09:12:23","date_gmt":"2024-02-19T08:12:23","guid":{"rendered":"https:\/\/manouchian-au-pantheon.org\/?p=4641"},"modified":"2024-02-19T09:15:09","modified_gmt":"2024-02-19T08:15:09","slug":"la-culture-dans-tous-ses-etats-avec-jean-pierre-sakoun-sur-sud-radio","status":"publish","type":"post","link":"https:\/\/manouchian-au-pantheon.org\/index.php\/2024\/02\/19\/la-culture-dans-tous-ses-etats-avec-jean-pierre-sakoun-sur-sud-radio\/","title":{"rendered":"La culture dans tous ses \u00e9tats avec Jean-Pierre Sakoun sur Sud Radio"},"content":{"rendered":"\n<div class=\"wp-block-columns is-layout-flex wp-container-core-columns-is-layout-9d6595d7 wp-block-columns-is-layout-flex\">\n<div class=\"wp-block-column is-layout-flow wp-block-column-is-layout-flow\"><div class=\"wp-block-image\">\n<figure class=\"alignright size-full is-resized\"><img loading=\"lazy\" decoding=\"async\" width=\"739\" height=\"738\" src=\"https:\/\/manouchian-au-pantheon.org\/wp-content\/uploads\/2024\/02\/IMG-20240215-WA0005.jpg\" alt=\"\" class=\"wp-image-4615\" style=\"width:414px;height:auto\" srcset=\"https:\/\/manouchian-au-pantheon.org\/wp-content\/uploads\/2024\/02\/IMG-20240215-WA0005.jpg 739w, https:\/\/manouchian-au-pantheon.org\/wp-content\/uploads\/2024\/02\/IMG-20240215-WA0005-300x300.jpg 300w, https:\/\/manouchian-au-pantheon.org\/wp-content\/uploads\/2024\/02\/IMG-20240215-WA0005-150x150.jpg 150w, https:\/\/manouchian-au-pantheon.org\/wp-content\/uploads\/2024\/02\/IMG-20240215-WA0005-24x24.jpg 24w, https:\/\/manouchian-au-pantheon.org\/wp-content\/uploads\/2024\/02\/IMG-20240215-WA0005-36x36.jpg 36w, https:\/\/manouchian-au-pantheon.org\/wp-content\/uploads\/2024\/02\/IMG-20240215-WA0005-48x48.jpg 48w\" sizes=\"auto, (max-width: 739px) 100vw, 739px\" \/><\/figure>\n<\/div><\/div>\n\n\n\n<div class=\"wp-block-column is-layout-flow wp-block-column-is-layout-flow\">\n<p style=\"font-size:25px;font-style:normal;font-weight:600\">Sud Radio : \u00c9mission Sp\u00e9ciale Panth\u00e9onisation de Missak Manouchian <\/p>\n\n\n\n<p>Andr\u00e9 Bercoff et C\u00e9line Alonzo re\u00e7oivent Jean-Pierre Sakoun, pr\u00e9sident d&rsquo;Unit\u00e9 La\u00efque, pour une \u00e9mission sp\u00e9ciale consacr\u00e9e \u00e0 l&rsquo;entr\u00e9e au Panth\u00e9on de Missak et M\u00e9lin\u00e9e Manouchian qui aura lieu le 21 f\u00e9vrier.<\/p>\n\n\n\n<p class=\"has-medium-font-size\"><strong><a href=\"https:\/\/www.sudradio.fr\/programme\/la-culture-dans-tous-ses-etats\" data-type=\"link\" data-id=\"https:\/\/www.sudradio.fr\/programme\/la-culture-dans-tous-ses-etats\">\u00c9coutez le podcast<\/a><\/strong><\/p>\n<\/div>\n<\/div>\n","protected":false},"excerpt":{"rendered":"<p>Sud Radio : \u00c9mission Sp\u00e9ciale Panth\u00e9onisation de Missak Manouchian Andr\u00e9 Bercoff et C\u00e9line Alonzo re\u00e7oivent Jean-Pierre Sakoun, pr\u00e9sident d&rsquo;Unit\u00e9 La\u00efque, pour une \u00e9mission sp\u00e9ciale consacr\u00e9e \u00e0 l&rsquo;entr\u00e9e au Panth\u00e9on de Missak et M\u00e9lin\u00e9e Manouchian qui aura lieu le 21 f\u00e9vrier. \u00c9coutez le podcast<\/p>\n","protected":false},"author":7,"featured_media":0,"comment_status":"closed","ping_status":"","sticky":false,"template":"","format":"standard","meta":{"footnotes":""},"categories":[34],"tags":[],"class_list":["post-4641","post","type-post","status-publish","format-standard","hentry","category-presse-medias-work"],"_links":{"self":[{"href":"https:\/\/manouchian-au-pantheon.org\/index.php\/wp-json\/wp\/v2\/posts\/4641","targetHints":{"allow":["GET"]}}],"collection":[{"href":"https:\/\/manouchian-au-pantheon.org\/index.php\/wp-json\/wp\/v2\/posts"}],"about":[{"href":"https:\/\/manouchian-au-pantheon.org\/index.php\/wp-json\/wp\/v2\/types\/post"}],"author":[{"embeddable":true,"href":"https:\/\/manouchian-au-pantheon.org\/index.php\/wp-json\/wp\/v2\/users\/7"}],"replies":[{"embeddable":true,"href":"https:\/\/manouchian-au-pantheon.org\/index.php\/wp-json\/wp\/v2\/comments?post=4641"}],"version-history":[{"count":6,"href":"https:\/\/manouchian-au-pantheon.org\/index.php\/wp-json\/wp\/v2\/posts\/4641\/revisions"}],"predecessor-version":[{"id":4649,"href":"https:\/\/manouchian-au-pantheon.org\/index.php\/wp-json\/wp\/v2\/posts\/4641\/revisions\/4649"}],"wp:attachment":[{"href":"https:\/\/manouchian-au-pantheon.org\/index.php\/wp-json\/wp\/v2\/media?parent=4641"}],"wp:term":[{"taxonomy":"category","embeddable":true,"href":"https:\/\/manouchian-au-pantheon.org\/index.php\/wp-json\/wp\/v2\/categories?post=4641"},{"taxonomy":"post_tag","embeddable":true,"href":"https:\/\/manouchian-au-pantheon.org\/index.php\/wp-json\/wp\/v2\/tags?post=4641"}],"curies":[{"name":"wp","href":"https:\/\/api.w.org\/{rel}","templated":true}]}}