{"id":4709,"date":"2024-02-20T11:29:32","date_gmt":"2024-02-20T10:29:32","guid":{"rendered":"https:\/\/manouchian-au-pantheon.org\/?p=4709"},"modified":"2024-02-20T11:32:17","modified_gmt":"2024-02-20T10:32:17","slug":"tempo","status":"publish","type":"post","link":"https:\/\/manouchian-au-pantheon.org\/index.php\/2024\/02\/20\/tempo\/","title":{"rendered":"Tempo . Le podcast d&rsquo;actualit\u00e9 de RCF Lyon"},"content":{"rendered":"\n<div class=\"wp-block-columns is-layout-flex wp-container-core-columns-is-layout-9d6595d7 wp-block-columns-is-layout-flex\">\n<div class=\"wp-block-column is-layout-flow wp-block-column-is-layout-flow\">\n<figure class=\"wp-block-image size-full\"><img loading=\"lazy\" decoding=\"async\" width=\"981\" height=\"595\" src=\"https:\/\/manouchian-au-pantheon.org\/wp-content\/uploads\/2024\/02\/RCF-TEMPO.jpg\" alt=\"\" class=\"wp-image-4694\" srcset=\"https:\/\/manouchian-au-pantheon.org\/wp-content\/uploads\/2024\/02\/RCF-TEMPO.jpg 981w, https:\/\/manouchian-au-pantheon.org\/wp-content\/uploads\/2024\/02\/RCF-TEMPO-300x182.jpg 300w, https:\/\/manouchian-au-pantheon.org\/wp-content\/uploads\/2024\/02\/RCF-TEMPO-768x466.jpg 768w, https:\/\/manouchian-au-pantheon.org\/wp-content\/uploads\/2024\/02\/RCF-TEMPO-24x15.jpg 24w, https:\/\/manouchian-au-pantheon.org\/wp-content\/uploads\/2024\/02\/RCF-TEMPO-36x22.jpg 36w, https:\/\/manouchian-au-pantheon.org\/wp-content\/uploads\/2024\/02\/RCF-TEMPO-48x29.jpg 48w\" sizes=\"auto, (max-width: 981px) 100vw, 981px\" \/><\/figure>\n<\/div>\n\n\n\n<div class=\"wp-block-column is-layout-flow wp-block-column-is-layout-flow\">\n<p style=\"font-size:25px;font-style:normal;font-weight:600\">Missak Manouchian : une singularit\u00e9 au Panth\u00e9on<\/p>\n\n\n\n<p>\u201cAux grands hommes la patrie reconnaissante\u201d. Missak Manouchian va faire son entr\u00e9e au Panth\u00e9on le 21 f\u00e9vrier. Communiste, arm\u00e9nien, grand h\u00e9ros de la R\u00e9sistance, Missak Manouchian est mort pour la France, fusill\u00e9 \u00e0 37 ans par les nazis, le 21 f\u00e9vrier 1944 au mont Val\u00e9rien pr\u00e8s de Paris.<br>Le chef de bande de l\u2019Affiche rouge sera intronis\u00e9 au Panth\u00e9on avec sa femme M\u00e9lin\u00e9e, 80 ans jour pour jour apr\u00e8s son ex\u00e9cution.<br>Ce sera le premier \u00e9tranger panth\u00e9onis\u00e9, le premier communiste \u00e9galement, symbole du peuple arm\u00e9nien, des r\u00e9sistants \u00e9trangers, qui ont sauv\u00e9 la France pendant la 2nde guerre mondiale.<\/p>\n\n\n\n<p>Retrouvez Jean-Pierre Sakoun au micro de l&rsquo;\u00e9mission Tempo, RCF Radio, pour un temps de m\u00e9moire sur l&rsquo;histoire de Missak Manouchian.<\/p>\n\n\n\n<p class=\"has-medium-font-size\"><strong><a href=\"https:\/\/www.rcf.fr\/actualite\/tempo-le-podcast-dactualite-de-rcf-lyon?episode=455045\" data-type=\"link\" data-id=\"https:\/\/www.rcf.fr\/actualite\/tempo-le-podcast-dactualite-de-rcf-lyon?episode=455045\">\u00c9coutez le podcast<\/a><\/strong><\/p>\n<\/div>\n<\/div>\n","protected":false},"excerpt":{"rendered":"<p>Missak Manouchian : une singularit\u00e9 au Panth\u00e9on \u201cAux grands hommes la patrie reconnaissante\u201d. Missak Manouchian va faire son entr\u00e9e au Panth\u00e9on le 21 f\u00e9vrier. Communiste, arm\u00e9nien, grand h\u00e9ros de la R\u00e9sistance, Missak Manouchian est mort pour la France, fusill\u00e9 \u00e0 37 ans par les nazis, le 21 f\u00e9vrier 1944 au mont Val\u00e9rien pr\u00e8s de Paris.Le [&hellip;]<\/p>\n","protected":false},"author":7,"featured_media":0,"comment_status":"closed","ping_status":"","sticky":false,"template":"","format":"standard","meta":{"footnotes":""},"categories":[34],"tags":[],"class_list":["post-4709","post","type-post","status-publish","format-standard","hentry","category-presse-medias-work"],"_links":{"self":[{"href":"https:\/\/manouchian-au-pantheon.org\/index.php\/wp-json\/wp\/v2\/posts\/4709","targetHints":{"allow":["GET"]}}],"collection":[{"href":"https:\/\/manouchian-au-pantheon.org\/index.php\/wp-json\/wp\/v2\/posts"}],"about":[{"href":"https:\/\/manouchian-au-pantheon.org\/index.php\/wp-json\/wp\/v2\/types\/post"}],"author":[{"embeddable":true,"href":"https:\/\/manouchian-au-pantheon.org\/index.php\/wp-json\/wp\/v2\/users\/7"}],"replies":[{"embeddable":true,"href":"https:\/\/manouchian-au-pantheon.org\/index.php\/wp-json\/wp\/v2\/comments?post=4709"}],"version-history":[{"count":8,"href":"https:\/\/manouchian-au-pantheon.org\/index.php\/wp-json\/wp\/v2\/posts\/4709\/revisions"}],"predecessor-version":[{"id":4717,"href":"https:\/\/manouchian-au-pantheon.org\/index.php\/wp-json\/wp\/v2\/posts\/4709\/revisions\/4717"}],"wp:attachment":[{"href":"https:\/\/manouchian-au-pantheon.org\/index.php\/wp-json\/wp\/v2\/media?parent=4709"}],"wp:term":[{"taxonomy":"category","embeddable":true,"href":"https:\/\/manouchian-au-pantheon.org\/index.php\/wp-json\/wp\/v2\/categories?post=4709"},{"taxonomy":"post_tag","embeddable":true,"href":"https:\/\/manouchian-au-pantheon.org\/index.php\/wp-json\/wp\/v2\/tags?post=4709"}],"curies":[{"name":"wp","href":"https:\/\/api.w.org\/{rel}","templated":true}]}}