{"id":4806,"date":"2024-09-03T15:01:27","date_gmt":"2024-09-03T13:01:27","guid":{"rendered":"https:\/\/manouchian-au-pantheon.org\/?p=4806"},"modified":"2024-09-03T15:02:28","modified_gmt":"2024-09-03T13:02:28","slug":"cine-rencontre-avec-katia-guiragossian","status":"publish","type":"post","link":"https:\/\/manouchian-au-pantheon.org\/index.php\/2024\/09\/03\/cine-rencontre-avec-katia-guiragossian\/","title":{"rendered":"Cin\u00e9 &#8211; Rencontre avec Katia Guiragossian"},"content":{"rendered":"\n<div class=\"wp-block-columns is-layout-flex wp-container-core-columns-is-layout-9d6595d7 wp-block-columns-is-layout-flex\">\n<div class=\"wp-block-column is-layout-flow wp-block-column-is-layout-flow\" style=\"flex-basis:66.66%\">\n<h2 class=\"wp-block-heading\" style=\"font-size:30px\"><strong>Documentaire \u00ab\u00a0Missak et M\u00e9lin\u00e9e Manouchian\u00a0\u00bb, <\/strong><br><strong>le Jeudi 26 septembre 2024 \u00e0 18h30. <\/strong><\/h2>\n\n\n\n<p>Un voyage, un p\u00e8lerinage sur les traces de Missak et M\u00e9lin\u00e9e Manouchian \u00e0 travers la voix de leur petite-ni\u00e8ce Katia, qui dessine subtilement les parcours de deux \u00eatres d\u2019exception. Deux survivants du g\u00e9nocide arm\u00e9nien devenus des figures de premier plan de la R\u00e9sistance fran\u00e7aise. Pour que leurs itin\u00e9raires et leur combat commun pour la libert\u00e9 ne s\u2019effacent jamais de notre m\u00e9moire collective&#8230;<\/p>\n\n\n\n<p>Katia Guiragossian explore aujourd\u2019hui la petite histoire familiale dans la grande Histoire. \u00c0 l\u2019issue de la projection, la r\u00e9alisatrice partagera avec le public les coulisses de son documentaire et l\u2019h\u00e9ritage qui lui a \u00e9t\u00e9 l\u00e9gu\u00e9.<\/p>\n<\/div>\n\n\n\n<div class=\"wp-block-column is-layout-flow wp-block-column-is-layout-flow\" style=\"flex-basis:33.33%\">\n<figure class=\"wp-block-image size-large is-resized\"><img loading=\"lazy\" decoding=\"async\" width=\"1024\" height=\"576\" src=\"https:\/\/manouchian-au-pantheon.org\/wp-content\/uploads\/2024\/09\/CINE-RENCONTRE-MISSAK-ET-MELINEE-MANOUCHIAN-En-presence-de-Katia-Guiragossian-la-realisatrice-1024x576.jpg\" alt=\"\" class=\"wp-image-4807\" style=\"width:373px;height:auto\" srcset=\"https:\/\/manouchian-au-pantheon.org\/wp-content\/uploads\/2024\/09\/CINE-RENCONTRE-MISSAK-ET-MELINEE-MANOUCHIAN-En-presence-de-Katia-Guiragossian-la-realisatrice-1024x576.jpg 1024w, https:\/\/manouchian-au-pantheon.org\/wp-content\/uploads\/2024\/09\/CINE-RENCONTRE-MISSAK-ET-MELINEE-MANOUCHIAN-En-presence-de-Katia-Guiragossian-la-realisatrice-300x169.jpg 300w, https:\/\/manouchian-au-pantheon.org\/wp-content\/uploads\/2024\/09\/CINE-RENCONTRE-MISSAK-ET-MELINEE-MANOUCHIAN-En-presence-de-Katia-Guiragossian-la-realisatrice-768x432.jpg 768w, https:\/\/manouchian-au-pantheon.org\/wp-content\/uploads\/2024\/09\/CINE-RENCONTRE-MISSAK-ET-MELINEE-MANOUCHIAN-En-presence-de-Katia-Guiragossian-la-realisatrice-24x14.jpg 24w, https:\/\/manouchian-au-pantheon.org\/wp-content\/uploads\/2024\/09\/CINE-RENCONTRE-MISSAK-ET-MELINEE-MANOUCHIAN-En-presence-de-Katia-Guiragossian-la-realisatrice-36x20.jpg 36w, https:\/\/manouchian-au-pantheon.org\/wp-content\/uploads\/2024\/09\/CINE-RENCONTRE-MISSAK-ET-MELINEE-MANOUCHIAN-En-presence-de-Katia-Guiragossian-la-realisatrice-48x27.jpg 48w, https:\/\/manouchian-au-pantheon.org\/wp-content\/uploads\/2024\/09\/CINE-RENCONTRE-MISSAK-ET-MELINEE-MANOUCHIAN-En-presence-de-Katia-Guiragossian-la-realisatrice.jpg 1400w\" sizes=\"auto, (max-width: 1024px) 100vw, 1024px\" \/><\/figure>\n<\/div>\n<\/div>\n\n\n\n<p><strong>Jeudi 26 septembre 2024, 18h30<\/strong><br><strong>Centre du Patrimoine Arm\u00e9nien de Valence<br>14 Rue Louis Gallet, 26000 Valence<\/strong><br><strong>Tarif : 3\u20ac &#8211; sur r\u00e9servation<\/strong><\/p>\n","protected":false},"excerpt":{"rendered":"<p>Documentaire \u00ab\u00a0Missak et M\u00e9lin\u00e9e Manouchian\u00a0\u00bb, le Jeudi 26 septembre 2024 \u00e0 18h30. Un voyage, un p\u00e8lerinage sur les traces de Missak et M\u00e9lin\u00e9e Manouchian \u00e0 travers la voix de leur petite-ni\u00e8ce Katia, qui dessine subtilement les parcours de deux \u00eatres d\u2019exception. Deux survivants du g\u00e9nocide arm\u00e9nien devenus des figures de premier plan de la R\u00e9sistance [&hellip;]<\/p>\n","protected":false},"author":7,"featured_media":0,"comment_status":"closed","ping_status":"","sticky":false,"template":"","format":"standard","meta":{"footnotes":""},"categories":[37],"tags":[],"class_list":["post-4806","post","type-post","status-publish","format-standard","hentry","category-saison-2024-a-valence"],"_links":{"self":[{"href":"https:\/\/manouchian-au-pantheon.org\/index.php\/wp-json\/wp\/v2\/posts\/4806","targetHints":{"allow":["GET"]}}],"collection":[{"href":"https:\/\/manouchian-au-pantheon.org\/index.php\/wp-json\/wp\/v2\/posts"}],"about":[{"href":"https:\/\/manouchian-au-pantheon.org\/index.php\/wp-json\/wp\/v2\/types\/post"}],"author":[{"embeddable":true,"href":"https:\/\/manouchian-au-pantheon.org\/index.php\/wp-json\/wp\/v2\/users\/7"}],"replies":[{"embeddable":true,"href":"https:\/\/manouchian-au-pantheon.org\/index.php\/wp-json\/wp\/v2\/comments?post=4806"}],"version-history":[{"count":4,"href":"https:\/\/manouchian-au-pantheon.org\/index.php\/wp-json\/wp\/v2\/posts\/4806\/revisions"}],"predecessor-version":[{"id":4811,"href":"https:\/\/manouchian-au-pantheon.org\/index.php\/wp-json\/wp\/v2\/posts\/4806\/revisions\/4811"}],"wp:attachment":[{"href":"https:\/\/manouchian-au-pantheon.org\/index.php\/wp-json\/wp\/v2\/media?parent=4806"}],"wp:term":[{"taxonomy":"category","embeddable":true,"href":"https:\/\/manouchian-au-pantheon.org\/index.php\/wp-json\/wp\/v2\/categories?post=4806"},{"taxonomy":"post_tag","embeddable":true,"href":"https:\/\/manouchian-au-pantheon.org\/index.php\/wp-json\/wp\/v2\/tags?post=4806"}],"curies":[{"name":"wp","href":"https:\/\/api.w.org\/{rel}","templated":true}]}}