{"id":4829,"date":"2024-10-28T13:59:24","date_gmt":"2024-10-28T12:59:24","guid":{"rendered":"https:\/\/manouchian-au-pantheon.org\/?p=4829"},"modified":"2024-10-28T13:59:24","modified_gmt":"2024-10-28T12:59:24","slug":"parcours-urbain-2","status":"publish","type":"post","link":"https:\/\/manouchian-au-pantheon.org\/index.php\/2024\/10\/28\/parcours-urbain-2\/","title":{"rendered":"Parcours Urbain"},"content":{"rendered":"\n<div class=\"wp-block-columns is-layout-flex wp-container-core-columns-is-layout-9d6595d7 wp-block-columns-is-layout-flex\">\n<div class=\"wp-block-column is-layout-flow wp-block-column-is-layout-flow\" style=\"flex-basis:33.33%\">\n<figure class=\"wp-block-image size-large is-resized\"><img loading=\"lazy\" decoding=\"async\" width=\"1024\" height=\"682\" src=\"https:\/\/manouchian-au-pantheon.org\/wp-content\/uploads\/2024\/09\/toris-valence-1024x682.jpg\" alt=\"\" class=\"wp-image-4830\" style=\"width:315px;height:auto\" srcset=\"https:\/\/manouchian-au-pantheon.org\/wp-content\/uploads\/2024\/09\/toris-valence-1024x682.jpg 1024w, https:\/\/manouchian-au-pantheon.org\/wp-content\/uploads\/2024\/09\/toris-valence-300x200.jpg 300w, https:\/\/manouchian-au-pantheon.org\/wp-content\/uploads\/2024\/09\/toris-valence-768x512.jpg 768w, https:\/\/manouchian-au-pantheon.org\/wp-content\/uploads\/2024\/09\/toris-valence-24x16.jpg 24w, https:\/\/manouchian-au-pantheon.org\/wp-content\/uploads\/2024\/09\/toris-valence-36x24.jpg 36w, https:\/\/manouchian-au-pantheon.org\/wp-content\/uploads\/2024\/09\/toris-valence-48x32.jpg 48w, https:\/\/manouchian-au-pantheon.org\/wp-content\/uploads\/2024\/09\/toris-valence.jpg 1400w\" sizes=\"auto, (max-width: 1024px) 100vw, 1024px\" \/><\/figure>\n<\/div>\n\n\n\n<div class=\"wp-block-column is-layout-flow wp-block-column-is-layout-flow\" style=\"flex-basis:66.66%\">\n<h2 class=\"wp-block-heading\">Toros \u00e0 Valence,<br>le Dimanche 10 novembre 2024 \u00e0 14h30.<\/h2>\n\n\n\n<p>Au gr\u00e9 des rues et des places, laissez- vous surprendre par les \u0153uvres de Toros, t\u00e9moignages de son attachement \u00e0 cette ville et \u00e0 ses racines arm\u00e9niennes. Un r\u00e9cit intime pour d\u00e9couvrir le talent exceptionnel de cet autodidacte, disparu en juillet 2020.<\/p>\n\n\n\n<p><strong>Dimanche 10 novembre 2024, 14h30<br>D\u00e9part de la Maison des T\u00eates<\/strong><br><strong>57 Grande Rue, 26000 Valence<\/strong><br><strong>R\u00e9servation au 04 75 79 20 86 \u2013 Tarifs : 4\u20ac \u00e0 6\u20ac<\/strong><br><strong>Gratuit pour les -18 ans<\/strong><\/p>\n<\/div>\n<\/div>\n","protected":false},"excerpt":{"rendered":"<p>Toros \u00e0 Valence,le Dimanche 10 novembre 2024 \u00e0 14h30. Au gr\u00e9 des rues et des places, laissez- vous surprendre par les \u0153uvres de Toros, t\u00e9moignages de son attachement \u00e0 cette ville et \u00e0 ses racines arm\u00e9niennes. Un r\u00e9cit intime pour d\u00e9couvrir le talent exceptionnel de cet autodidacte, disparu en juillet 2020. Dimanche 10 novembre 2024, [&hellip;]<\/p>\n","protected":false},"author":7,"featured_media":0,"comment_status":"closed","ping_status":"","sticky":false,"template":"","format":"standard","meta":{"footnotes":""},"categories":[37],"tags":[],"class_list":["post-4829","post","type-post","status-publish","format-standard","hentry","category-saison-2024-a-valence"],"_links":{"self":[{"href":"https:\/\/manouchian-au-pantheon.org\/index.php\/wp-json\/wp\/v2\/posts\/4829","targetHints":{"allow":["GET"]}}],"collection":[{"href":"https:\/\/manouchian-au-pantheon.org\/index.php\/wp-json\/wp\/v2\/posts"}],"about":[{"href":"https:\/\/manouchian-au-pantheon.org\/index.php\/wp-json\/wp\/v2\/types\/post"}],"author":[{"embeddable":true,"href":"https:\/\/manouchian-au-pantheon.org\/index.php\/wp-json\/wp\/v2\/users\/7"}],"replies":[{"embeddable":true,"href":"https:\/\/manouchian-au-pantheon.org\/index.php\/wp-json\/wp\/v2\/comments?post=4829"}],"version-history":[{"count":1,"href":"https:\/\/manouchian-au-pantheon.org\/index.php\/wp-json\/wp\/v2\/posts\/4829\/revisions"}],"predecessor-version":[{"id":4831,"href":"https:\/\/manouchian-au-pantheon.org\/index.php\/wp-json\/wp\/v2\/posts\/4829\/revisions\/4831"}],"wp:attachment":[{"href":"https:\/\/manouchian-au-pantheon.org\/index.php\/wp-json\/wp\/v2\/media?parent=4829"}],"wp:term":[{"taxonomy":"category","embeddable":true,"href":"https:\/\/manouchian-au-pantheon.org\/index.php\/wp-json\/wp\/v2\/categories?post=4829"},{"taxonomy":"post_tag","embeddable":true,"href":"https:\/\/manouchian-au-pantheon.org\/index.php\/wp-json\/wp\/v2\/tags?post=4829"}],"curies":[{"name":"wp","href":"https:\/\/api.w.org\/{rel}","templated":true}]}}