{"id":4838,"date":"2024-09-03T15:53:56","date_gmt":"2024-09-03T13:53:56","guid":{"rendered":"https:\/\/manouchian-au-pantheon.org\/?p=4838"},"modified":"2024-09-03T15:54:05","modified_gmt":"2024-09-03T13:54:05","slug":"spectacle-musicale","status":"publish","type":"post","link":"https:\/\/manouchian-au-pantheon.org\/index.php\/2024\/09\/03\/spectacle-musicale\/","title":{"rendered":"Spectacle musicale"},"content":{"rendered":"\n<div class=\"wp-block-columns is-layout-flex wp-container-core-columns-is-layout-9d6595d7 wp-block-columns-is-layout-flex\">\n<div class=\"wp-block-column is-layout-flow wp-block-column-is-layout-flow\" style=\"flex-basis:33.33%\">\n<figure class=\"wp-block-image size-large is-resized\"><img loading=\"lazy\" decoding=\"async\" width=\"1024\" height=\"572\" src=\"https:\/\/manouchian-au-pantheon.org\/wp-content\/uploads\/2024\/09\/machere_melinee-1024x572.jpg\" alt=\"\" class=\"wp-image-4839\" style=\"width:417px;height:auto\" srcset=\"https:\/\/manouchian-au-pantheon.org\/wp-content\/uploads\/2024\/09\/machere_melinee-1024x572.jpg 1024w, https:\/\/manouchian-au-pantheon.org\/wp-content\/uploads\/2024\/09\/machere_melinee-300x168.jpg 300w, https:\/\/manouchian-au-pantheon.org\/wp-content\/uploads\/2024\/09\/machere_melinee-768x429.jpg 768w, https:\/\/manouchian-au-pantheon.org\/wp-content\/uploads\/2024\/09\/machere_melinee-24x13.jpg 24w, https:\/\/manouchian-au-pantheon.org\/wp-content\/uploads\/2024\/09\/machere_melinee-36x20.jpg 36w, https:\/\/manouchian-au-pantheon.org\/wp-content\/uploads\/2024\/09\/machere_melinee-48x27.jpg 48w, https:\/\/manouchian-au-pantheon.org\/wp-content\/uploads\/2024\/09\/machere_melinee.jpg 1282w\" sizes=\"auto, (max-width: 1024px) 100vw, 1024px\" \/><\/figure>\n<\/div>\n\n\n\n<div class=\"wp-block-column is-layout-flow wp-block-column-is-layout-flow\" style=\"flex-basis:66.66%\">\n<h2 class=\"wp-block-heading\" style=\"font-size:30px\"><strong>\u00ab\u00a0Ma ch\u00e8re M\u00e9lin\u00e9e&#8230;\u00a0\u00bb par les Amis du Cpa, <br>le Mercredi 2 octobre \u00e0 20h.<\/strong><\/h2>\n\n\n\n<p>Face au succ\u00e8s des premi\u00e8res repr\u00e9sentations en f\u00e9vrier 2024, Les Amis du Cpa programment une nouvelle et unique repr\u00e9sentation au Th\u00e9\u00e2tre de la Ville \u00e0 Valence.<\/p>\n\n\n\n<p>Ce r\u00e9cit de vie cont\u00e9 par S\u00e9da Melik s\u2019inspire du t\u00e9moignage de M\u00e9lin\u00e9e, immigr\u00e9e r\u00e9sistante d\u2019origine arm\u00e9nienne qui \u00e9pousa Missak Manouchian en 1936. Le spectacle, port\u00e9 par sa voix en dialogue avec celle de Missak, m\u00eale musique, chants et po\u00e8mes de Louis Aragon, Rouben Melik, Paul \u00c9luard, et bien \u00e9videmment de Missak Manouchian. On d\u00e9couvre deux jeunes gens \u00e9pris d\u2019id\u00e9aux, passionn\u00e9s d\u2019art et de culture, aimant la vie et la libert\u00e9 de tout leur \u00eatre avant que n\u2019\u00e9clate la guerre. Lorsqu\u2019ils s\u2019engagent dans la R\u00e9sistance, ils sont pleinement conscients du sacrifice auquel leur combat les m\u00e8ne\u2026<br>Ce spectacle est interpr\u00e9t\u00e9 par les com\u00e9diens de la Compagnie la Sc\u00e8ne Nationale Sept et mis en musique par les musiciens du groupe Lavach.<\/p>\n\n\n\n<p><br><strong>Mercredi 2 octobre 2024, 20h00<br>Le Th\u00e9\u00e2tre de la Ville \u00e0 Valence<br>Tout public \u2013 Tarif\u00a0 : 12 \u20ac<br>Sur r\u00e9servation \u00e0 reservation@le-cpa.com<\/strong><\/p>\n<\/div>\n<\/div>\n","protected":false},"excerpt":{"rendered":"<p>\u00ab\u00a0Ma ch\u00e8re M\u00e9lin\u00e9e&#8230;\u00a0\u00bb par les Amis du Cpa, le Mercredi 2 octobre \u00e0 20h. Face au succ\u00e8s des premi\u00e8res repr\u00e9sentations en f\u00e9vrier 2024, Les Amis du Cpa programment une nouvelle et unique repr\u00e9sentation au Th\u00e9\u00e2tre de la Ville \u00e0 Valence. Ce r\u00e9cit de vie cont\u00e9 par S\u00e9da Melik s\u2019inspire du t\u00e9moignage de M\u00e9lin\u00e9e, immigr\u00e9e r\u00e9sistante [&hellip;]<\/p>\n","protected":false},"author":7,"featured_media":0,"comment_status":"closed","ping_status":"","sticky":false,"template":"","format":"standard","meta":{"footnotes":""},"categories":[37],"tags":[],"class_list":["post-4838","post","type-post","status-publish","format-standard","hentry","category-saison-2024-a-valence"],"_links":{"self":[{"href":"https:\/\/manouchian-au-pantheon.org\/index.php\/wp-json\/wp\/v2\/posts\/4838","targetHints":{"allow":["GET"]}}],"collection":[{"href":"https:\/\/manouchian-au-pantheon.org\/index.php\/wp-json\/wp\/v2\/posts"}],"about":[{"href":"https:\/\/manouchian-au-pantheon.org\/index.php\/wp-json\/wp\/v2\/types\/post"}],"author":[{"embeddable":true,"href":"https:\/\/manouchian-au-pantheon.org\/index.php\/wp-json\/wp\/v2\/users\/7"}],"replies":[{"embeddable":true,"href":"https:\/\/manouchian-au-pantheon.org\/index.php\/wp-json\/wp\/v2\/comments?post=4838"}],"version-history":[{"count":2,"href":"https:\/\/manouchian-au-pantheon.org\/index.php\/wp-json\/wp\/v2\/posts\/4838\/revisions"}],"predecessor-version":[{"id":4841,"href":"https:\/\/manouchian-au-pantheon.org\/index.php\/wp-json\/wp\/v2\/posts\/4838\/revisions\/4841"}],"wp:attachment":[{"href":"https:\/\/manouchian-au-pantheon.org\/index.php\/wp-json\/wp\/v2\/media?parent=4838"}],"wp:term":[{"taxonomy":"category","embeddable":true,"href":"https:\/\/manouchian-au-pantheon.org\/index.php\/wp-json\/wp\/v2\/categories?post=4838"},{"taxonomy":"post_tag","embeddable":true,"href":"https:\/\/manouchian-au-pantheon.org\/index.php\/wp-json\/wp\/v2\/tags?post=4838"}],"curies":[{"name":"wp","href":"https:\/\/api.w.org\/{rel}","templated":true}]}}