{"id":4859,"date":"2024-09-18T17:49:25","date_gmt":"2024-09-18T15:49:25","guid":{"rendered":"https:\/\/manouchian-au-pantheon.org\/?p=4859"},"modified":"2024-09-18T17:53:04","modified_gmt":"2024-09-18T15:53:04","slug":"conference-missak-et-les-siens-internationalistes-universalistes-et-patriotes","status":"publish","type":"post","link":"https:\/\/manouchian-au-pantheon.org\/index.php\/2024\/09\/18\/conference-missak-et-les-siens-internationalistes-universalistes-et-patriotes\/","title":{"rendered":"Conf\u00e9rence \u00ab\u00a0Missak et les siens, internationalistes, universalistes \u2026 et patriotes\u00a0\u00bb"},"content":{"rendered":"\n<div class=\"wp-block-columns is-layout-flex wp-container-core-columns-is-layout-9d6595d7 wp-block-columns-is-layout-flex\">\n<div class=\"wp-block-column is-layout-flow wp-block-column-is-layout-flow\"><div class=\"wp-block-image\">\n<figure class=\"aligncenter size-full is-resized\"><img loading=\"lazy\" decoding=\"async\" width=\"600\" height=\"848\" src=\"https:\/\/manouchian-au-pantheon.org\/wp-content\/uploads\/2024\/09\/INGUIMBERTINE_CONF-MANOUCHIAN-1020243-copie.jpeg\" alt=\"\" class=\"wp-image-4860\" style=\"width:364px;height:auto\" srcset=\"https:\/\/manouchian-au-pantheon.org\/wp-content\/uploads\/2024\/09\/INGUIMBERTINE_CONF-MANOUCHIAN-1020243-copie.jpeg 600w, https:\/\/manouchian-au-pantheon.org\/wp-content\/uploads\/2024\/09\/INGUIMBERTINE_CONF-MANOUCHIAN-1020243-copie-212x300.jpeg 212w, https:\/\/manouchian-au-pantheon.org\/wp-content\/uploads\/2024\/09\/INGUIMBERTINE_CONF-MANOUCHIAN-1020243-copie-17x24.jpeg 17w, https:\/\/manouchian-au-pantheon.org\/wp-content\/uploads\/2024\/09\/INGUIMBERTINE_CONF-MANOUCHIAN-1020243-copie-25x36.jpeg 25w, https:\/\/manouchian-au-pantheon.org\/wp-content\/uploads\/2024\/09\/INGUIMBERTINE_CONF-MANOUCHIAN-1020243-copie-34x48.jpeg 34w\" sizes=\"auto, (max-width: 600px) 100vw, 600px\" \/><\/figure>\n<\/div><\/div>\n\n\n\n<div class=\"wp-block-column is-layout-flow wp-block-column-is-layout-flow\">\n<p style=\"font-size:25px;font-style:normal;font-weight:600\">Par Jean-Pierre Sakoun, Pr\u00e9sident du Comit\u00e9\u00a0pour l&rsquo;entr\u00e9e de Missak Manouchian\u00a0au Panth\u00e9on.<\/p>\n\n\n\n<p>Missak Manouchian et les membres des groupes FTP-MOI furent les parfaits repr\u00e9sentants de cet engagement des communistes \u00e9trangers en France durant la 2GM. Arriv\u00e9s en France dans l\u2019entre-deux-guerres, r\u00e9fugi\u00e9s de tos les pays d\u2019Europe qui entre 1923 et 1938, de l\u2019Italie \u00e0 l\u2019Espagne, tomb\u00e8rent sous le joug du fascisme, du nazisme et de r\u00e9gimes dictatoriaux, ils m\u00ealaient dans leurs combats l\u2019id\u00e9al internationaliste du communisme et l\u2019id\u00e9al universaliste de la R\u00e9volution fran\u00e7aise.<\/p>\n\n\n\n<p>Manouchian est le plus bel exemple de cet h\u00e9ro\u00efsme et de cette volont\u00e9 de d\u00e9fendre le pays des droits de l\u2019homme et de la \u00ab\u00a0Grande R\u00e9volution\u00a0\u00bb, qui leur avait donn\u00e9 l\u2019accueil et les avait prot\u00e9g\u00e9s de la peste brune. Manouchian, comme ses camarades, ne vit aucune contradiction \u00e0 \u00e9crire, dans sa derni\u00e8re lettre, qu\u2019il mourait pour la France\u00a0\u00bb.<br>\u00a0<br>Nous allons, \u00e0 travers son histoire, tenter de comprendre la force de cet id\u00e9al.\u00a0<\/p>\n\n\n\n<p><br><strong>Samedi 5 Octobre 2024 \u00e0 15h<br>Salle PEIRESC &#8211; Biblioth\u00e8que\/Mus\u00e9e Inguimbertine<\/strong><br><strong>Carpentras<\/strong><\/p>\n\n\n\n<p><strong><a href=\"https:\/\/inguimbertine.carpentras.fr\/preparer-ma-visite\/agenda\/detail\/missak-et-les-siens-internationalistes-universalistes-et-patriotes\" data-type=\"link\" data-id=\"https:\/\/inguimbertine.carpentras.fr\/preparer-ma-visite\/agenda\/detail\/missak-et-les-siens-internationalistes-universalistes-et-patriotes\">Plus d&rsquo;informations<\/a><\/strong><\/p>\n<\/div>\n<\/div>\n\n\n\n<p><\/p>\n","protected":false},"excerpt":{"rendered":"<p>Par Jean-Pierre Sakoun, Pr\u00e9sident du Comit\u00e9\u00a0pour l&rsquo;entr\u00e9e de Missak Manouchian\u00a0au Panth\u00e9on. Missak Manouchian et les membres des groupes FTP-MOI furent les parfaits repr\u00e9sentants de cet engagement des communistes \u00e9trangers en France durant la 2GM. Arriv\u00e9s en France dans l\u2019entre-deux-guerres, r\u00e9fugi\u00e9s de tos les pays d\u2019Europe qui entre 1923 et 1938, de l\u2019Italie \u00e0 l\u2019Espagne, tomb\u00e8rent [&hellip;]<\/p>\n","protected":false},"author":7,"featured_media":0,"comment_status":"closed","ping_status":"","sticky":false,"template":"","format":"standard","meta":{"footnotes":""},"categories":[35],"tags":[],"class_list":["post-4859","post","type-post","status-publish","format-standard","hentry","category-manouchian-2024"],"_links":{"self":[{"href":"https:\/\/manouchian-au-pantheon.org\/index.php\/wp-json\/wp\/v2\/posts\/4859","targetHints":{"allow":["GET"]}}],"collection":[{"href":"https:\/\/manouchian-au-pantheon.org\/index.php\/wp-json\/wp\/v2\/posts"}],"about":[{"href":"https:\/\/manouchian-au-pantheon.org\/index.php\/wp-json\/wp\/v2\/types\/post"}],"author":[{"embeddable":true,"href":"https:\/\/manouchian-au-pantheon.org\/index.php\/wp-json\/wp\/v2\/users\/7"}],"replies":[{"embeddable":true,"href":"https:\/\/manouchian-au-pantheon.org\/index.php\/wp-json\/wp\/v2\/comments?post=4859"}],"version-history":[{"count":7,"href":"https:\/\/manouchian-au-pantheon.org\/index.php\/wp-json\/wp\/v2\/posts\/4859\/revisions"}],"predecessor-version":[{"id":4867,"href":"https:\/\/manouchian-au-pantheon.org\/index.php\/wp-json\/wp\/v2\/posts\/4859\/revisions\/4867"}],"wp:attachment":[{"href":"https:\/\/manouchian-au-pantheon.org\/index.php\/wp-json\/wp\/v2\/media?parent=4859"}],"wp:term":[{"taxonomy":"category","embeddable":true,"href":"https:\/\/manouchian-au-pantheon.org\/index.php\/wp-json\/wp\/v2\/categories?post=4859"},{"taxonomy":"post_tag","embeddable":true,"href":"https:\/\/manouchian-au-pantheon.org\/index.php\/wp-json\/wp\/v2\/tags?post=4859"}],"curies":[{"name":"wp","href":"https:\/\/api.w.org\/{rel}","templated":true}]}}