{"id":4929,"date":"2025-01-10T14:46:11","date_gmt":"2025-01-10T13:46:11","guid":{"rendered":"https:\/\/manouchian-au-pantheon.org\/?p=4929"},"modified":"2025-01-10T14:46:11","modified_gmt":"2025-01-10T13:46:11","slug":"conference-avec-pascal-ory","status":"publish","type":"post","link":"https:\/\/manouchian-au-pantheon.org\/index.php\/2025\/01\/10\/conference-avec-pascal-ory\/","title":{"rendered":"Conf\u00e9rence avec Pascal Ory"},"content":{"rendered":"\n<div class=\"wp-block-columns is-layout-flex wp-container-core-columns-is-layout-9d6595d7 wp-block-columns-is-layout-flex\">\n<div class=\"wp-block-column is-layout-flow wp-block-column-is-layout-flow\" style=\"flex-basis:33.33%\">\n<figure class=\"wp-block-image size-full\"><img loading=\"lazy\" decoding=\"async\" width=\"577\" height=\"308\" src=\"https:\/\/manouchian-au-pantheon.org\/wp-content\/uploads\/2025\/01\/pascal-ory.png\" alt=\"\" class=\"wp-image-4930\" srcset=\"https:\/\/manouchian-au-pantheon.org\/wp-content\/uploads\/2025\/01\/pascal-ory.png 577w, https:\/\/manouchian-au-pantheon.org\/wp-content\/uploads\/2025\/01\/pascal-ory-300x160.png 300w, https:\/\/manouchian-au-pantheon.org\/wp-content\/uploads\/2025\/01\/pascal-ory-24x13.png 24w, https:\/\/manouchian-au-pantheon.org\/wp-content\/uploads\/2025\/01\/pascal-ory-36x19.png 36w, https:\/\/manouchian-au-pantheon.org\/wp-content\/uploads\/2025\/01\/pascal-ory-48x26.png 48w\" sizes=\"auto, (max-width: 577px) 100vw, 577px\" \/><\/figure>\n\n\n\n<p class=\"has-small-font-size\"><br><em>En collaboration avec le CPA, Unit\u00e9 La\u00efque et la direction lecture publique de l&rsquo;Agglo.<\/em><\/p>\n\n\n\n<p><strong>Le Mardi 11 f\u00e9vrier 2025, 18h30<br>M\u00e9diath\u00e8que Latour-Maubourg<br>26000 Valence<\/strong><\/p>\n\n\n\n<p><strong>Entr\u00e9e libre &#8211; Sur r\u00e9servation \u00e0 partir du 11 janvier <\/strong>: <a href=\"https:\/\/mediatheques.valenceromansagglo.fr\/\" target=\"_blank\" rel=\"noreferrer noopener\">mediatheques.valenceromansagglo.fr<\/a><\/p>\n<\/div>\n\n\n\n<div class=\"wp-block-column is-layout-flow wp-block-column-is-layout-flow\" style=\"flex-basis:66.66%\">\n<p style=\"font-size:30px\"><strong>Rencontre avec Pascal Ory, acad\u00e9micien, <\/strong><br><strong>le mardi 11 f\u00e9vrier 2025 \u00e0 18h30<\/strong><\/p>\n\n\n\n<p>Historien, professeur et membre de l\u2019Acad\u00e9mie fran\u00e7aise, Pascal Ory nous fait l\u2019honneur de sa pr\u00e9sence, autour de l\u2019ouvrage <em>Dictionnaire des \u00e9trangers qui ont fait la France<\/em>.<\/p>\n\n\n\n<p>L\u2019identit\u00e9 et la renomm\u00e9e de la France \u2013 aux yeux des Fran\u00e7ais comme \u00e0 ceux des \u00e9trangers \u2013 doivent beaucoup \u00e0 \u00c9mile Zola ou \u00e0 Marie Curie, \u00e0 Picasso ou \u00e0 Le Corbusier, \u00e0 Samuel Beckett ou \u00e0 Charles Aznavour : tous n\u00e9s \u00e9trangers. Qui de plus fran\u00e7ais que le couturier et m\u00e9c\u00e8ne Pierre Cardin ou que le premier vainqueur du Tour de France cycliste, Maurice Garin ? Sauf que l\u2019un et l\u2019autre sont n\u00e9s citoyens italiens. Quoi de plus \u00ab identitaire \u00bb qu\u2019Ast\u00e9rix ? Sauf que Goscinny et Uderzo sont des enfants d\u2019immigr\u00e9s&#8230; Et, \u00e0 c\u00f4t\u00e9 de ces illustres, combien d\u2019anonymes sans lesquels la politique, l\u2019\u00e9conomie et la culture fran\u00e7aises n\u2019auraient pas l\u2019ampleur et la tonalit\u00e9 qu\u2019on leur conna\u00eet ? Pour la premi\u00e8re fois, un ouvrage t\u00e9moigne de tout ce que ces destins particuliers ont apport\u00e9 \u00e0 la destin\u00e9e collective de notre pays.<\/p>\n<\/div>\n<\/div>\n\n\n\n<p><\/p>\n","protected":false},"excerpt":{"rendered":"<p>En collaboration avec le CPA, Unit\u00e9 La\u00efque et la direction lecture publique de l&rsquo;Agglo. Le Mardi 11 f\u00e9vrier 2025, 18h30M\u00e9diath\u00e8que Latour-Maubourg26000 Valence Entr\u00e9e libre &#8211; Sur r\u00e9servation \u00e0 partir du 11 janvier : mediatheques.valenceromansagglo.fr Rencontre avec Pascal Ory, acad\u00e9micien, le mardi 11 f\u00e9vrier 2025 \u00e0 18h30 Historien, professeur et membre de l\u2019Acad\u00e9mie fran\u00e7aise, Pascal Ory [&hellip;]<\/p>\n","protected":false},"author":7,"featured_media":0,"comment_status":"closed","ping_status":"","sticky":false,"template":"","format":"standard","meta":{"footnotes":""},"categories":[37],"tags":[],"class_list":["post-4929","post","type-post","status-publish","format-standard","hentry","category-saison-2024-a-valence"],"_links":{"self":[{"href":"https:\/\/manouchian-au-pantheon.org\/index.php\/wp-json\/wp\/v2\/posts\/4929","targetHints":{"allow":["GET"]}}],"collection":[{"href":"https:\/\/manouchian-au-pantheon.org\/index.php\/wp-json\/wp\/v2\/posts"}],"about":[{"href":"https:\/\/manouchian-au-pantheon.org\/index.php\/wp-json\/wp\/v2\/types\/post"}],"author":[{"embeddable":true,"href":"https:\/\/manouchian-au-pantheon.org\/index.php\/wp-json\/wp\/v2\/users\/7"}],"replies":[{"embeddable":true,"href":"https:\/\/manouchian-au-pantheon.org\/index.php\/wp-json\/wp\/v2\/comments?post=4929"}],"version-history":[{"count":5,"href":"https:\/\/manouchian-au-pantheon.org\/index.php\/wp-json\/wp\/v2\/posts\/4929\/revisions"}],"predecessor-version":[{"id":4935,"href":"https:\/\/manouchian-au-pantheon.org\/index.php\/wp-json\/wp\/v2\/posts\/4929\/revisions\/4935"}],"wp:attachment":[{"href":"https:\/\/manouchian-au-pantheon.org\/index.php\/wp-json\/wp\/v2\/media?parent=4929"}],"wp:term":[{"taxonomy":"category","embeddable":true,"href":"https:\/\/manouchian-au-pantheon.org\/index.php\/wp-json\/wp\/v2\/categories?post=4929"},{"taxonomy":"post_tag","embeddable":true,"href":"https:\/\/manouchian-au-pantheon.org\/index.php\/wp-json\/wp\/v2\/tags?post=4929"}],"curies":[{"name":"wp","href":"https:\/\/api.w.org\/{rel}","templated":true}]}}